
{"id":9211,"date":"2011-09-30T23:43:48","date_gmt":"2011-10-01T02:43:48","guid":{"rendered":"http:\/\/www.sudoestehoje.com.br\/novoportal\/?p=9211"},"modified":"2011-10-01T03:23:27","modified_gmt":"2011-10-01T06:23:27","slug":"9211","status":"publish","type":"post","link":"https:\/\/www.sudoestehoje.com.br\/novoportal\/2011\/09\/30\/9211\/","title":{"rendered":"M\u00c3O BRANCA E WAGNER CONVERSAM COMO \u2018VELHOS AMIGOS\u2019"},"content":{"rendered":"<div id=\"attachment_9212\" style=\"width: 410px\" class=\"wp-caption aligncenter\"><a href=\"http:\/\/www.sudoestehoje.com.br\/novoportal\/wp-content\/uploads\/2011\/09\/DSC_0209.jpg\"><img decoding=\"async\" aria-describedby=\"caption-attachment-9212\" class=\"size-medium wp-image-9212 \" title=\"DSC_0209\" src=\"http:\/\/www.sudoestehoje.com.br\/novoportal\/wp-content\/uploads\/2011\/09\/DSC_0209-500x356.jpg\" alt=\"\" width=\"400\" srcset=\"https:\/\/www.sudoestehoje.com.br\/novoportal\/wp-content\/uploads\/2011\/09\/DSC_0209-500x356.jpg 500w, https:\/\/www.sudoestehoje.com.br\/novoportal\/wp-content\/uploads\/2011\/09\/DSC_0209-1024x730.jpg 1024w\" sizes=\"(max-width: 500px) 100vw, 500px\" \/><\/a><p id=\"caption-attachment-9212\" class=\"wp-caption-text\">Governador Wagner e M\u00e3o Branca em papo descontra\u00eddo no aeroporto de Conquista.<\/p><\/div>\n<p>Quem esteve no aeroporto de Vit\u00f3ria da Conquista nesta segunda-feira, dia 26\/09\/2011, viu uma cena inusitada. Enquanto o Forrozeiro Edigar M\u00e3o Branca aguardava para embarcar para Salvador, chegou o Governador do Estado Jacques Wagner acompanhado de sua comitiva. \u00c0 sua espera havia correligion\u00e1rios, entre eles o Prefeito daquela cidade o Dr. Guilherme Menezes. Ocorre que o Governador parou e ficou em um longo papo descontra\u00eddo com o pr\u00e9-candidato a Prefeito de Vit\u00f3ria da Conquista pelo Partido Verde, Edigar M\u00e3o Branca, enquanto os outros ao longe ficaram sem entender tanta aten\u00e7\u00e3o dispensada, inclusive com bastante bom humor do governador. Pelo jeito o Ex-Deputado Federal e Forrozeiro ainda continua tramitando bem no alto escal\u00e3o da pol\u00edtica baiana e brasileira. Tanta intimidade e descontra\u00e7\u00e3o d\u00e1 provas de que ele e o Governador ainda s\u00e3o bons amigos. Agora fica a curiosidade de saber o que eles tanto conversavam e riam.<\/p>\n","protected":false},"excerpt":{"rendered":"<p>Quem esteve no aeroporto de Vit\u00f3ria da Conquista nesta segunda-feira, dia 26\/09\/2011, viu uma cena inusitada. Enquanto o Forrozeiro Edigar M\u00e3o Branca aguardava para embarcar para Salvador, chegou o Governador do Estado Jacques Wagner acompanhado de sua comitiva. \u00c0 sua espera havia correligion\u00e1rios, entre eles o Prefeito daquela cidade o Dr. Guilherme Menezes. Ocorre que [&hellip;]<\/p>\n","protected":false},"author":2,"featured_media":0,"comment_status":"open","ping_status":"open","sticky":false,"template":"","format":"standard","meta":{"footnotes":"","_links_to":"","_links_to_target":""},"categories":[1],"tags":[],"class_list":["post-9211","post","type-post","status-publish","format-standard","hentry","category-geral"],"views":1518,"_links":{"self":[{"href":"https:\/\/www.sudoestehoje.com.br\/novoportal\/wp-json\/wp\/v2\/posts\/9211","targetHints":{"allow":["GET"]}}],"collection":[{"href":"https:\/\/www.sudoestehoje.com.br\/novoportal\/wp-json\/wp\/v2\/posts"}],"about":[{"href":"https:\/\/www.sudoestehoje.com.br\/novoportal\/wp-json\/wp\/v2\/types\/post"}],"author":[{"embeddable":true,"href":"https:\/\/www.sudoestehoje.com.br\/novoportal\/wp-json\/wp\/v2\/users\/2"}],"replies":[{"embeddable":true,"href":"https:\/\/www.sudoestehoje.com.br\/novoportal\/wp-json\/wp\/v2\/comments?post=9211"}],"version-history":[{"count":5,"href":"https:\/\/www.sudoestehoje.com.br\/novoportal\/wp-json\/wp\/v2\/posts\/9211\/revisions"}],"predecessor-version":[{"id":9252,"href":"https:\/\/www.sudoestehoje.com.br\/novoportal\/wp-json\/wp\/v2\/posts\/9211\/revisions\/9252"}],"wp:attachment":[{"href":"https:\/\/www.sudoestehoje.com.br\/novoportal\/wp-json\/wp\/v2\/media?parent=9211"}],"wp:term":[{"taxonomy":"category","embeddable":true,"href":"https:\/\/www.sudoestehoje.com.br\/novoportal\/wp-json\/wp\/v2\/categories?post=9211"},{"taxonomy":"post_tag","embeddable":true,"href":"https:\/\/www.sudoestehoje.com.br\/novoportal\/wp-json\/wp\/v2\/tags?post=9211"}],"curies":[{"name":"wp","href":"https:\/\/api.w.org\/{rel}","templated":true}]}}