
{"id":92109,"date":"2020-12-22T08:54:44","date_gmt":"2020-12-22T11:54:44","guid":{"rendered":"https:\/\/www.sudoestehoje.com.br\/novoportal\/?p=92109"},"modified":"2020-12-22T08:54:44","modified_gmt":"2020-12-22T11:54:44","slug":"prefeito-do-rio-de-janeiro-marcelo-crivella-e-preso-em-operaao-do-mp-e-policia-civil","status":"publish","type":"post","link":"https:\/\/www.sudoestehoje.com.br\/novoportal\/2020\/12\/22\/prefeito-do-rio-de-janeiro-marcelo-crivella-e-preso-em-operaao-do-mp-e-policia-civil\/","title":{"rendered":"PREFEITO DO RIO DE JANEIRO, MARCELO CRIVELLA, \u00c9 PRESO EM OPERA\u00c3O DO MP E POL\u00cdCIA CIVIL"},"content":{"rendered":"<p><a href=\"https:\/\/www.sudoestehoje.com.br\/novoportal\/wp-content\/uploads\/2020\/12\/CRIVELA-PRESO.jpg\"><img loading=\"lazy\" decoding=\"async\" class=\"aligncenter size-medium wp-image-92110\" src=\"https:\/\/www.sudoestehoje.com.br\/novoportal\/wp-content\/uploads\/2020\/12\/CRIVELA-PRESO-500x281.jpg\" alt=\"\" width=\"500\" height=\"281\" srcset=\"https:\/\/www.sudoestehoje.com.br\/novoportal\/wp-content\/uploads\/2020\/12\/CRIVELA-PRESO-500x281.jpg 500w, https:\/\/www.sudoestehoje.com.br\/novoportal\/wp-content\/uploads\/2020\/12\/CRIVELA-PRESO-700x394.jpg 700w, https:\/\/www.sudoestehoje.com.br\/novoportal\/wp-content\/uploads\/2020\/12\/CRIVELA-PRESO-768x432.jpg 768w, https:\/\/www.sudoestehoje.com.br\/novoportal\/wp-content\/uploads\/2020\/12\/CRIVELA-PRESO.jpg 891w\" sizes=\"auto, (max-width: 500px) 100vw, 500px\" \/><\/a><\/p>\n<p>O prefeito do Rio de Janeiro, Marcelo Crivella (Republicanos), foi preso na manh\u00e3 desta ter\u00e7a-feira (22), quando faltam apenas nove dias para o fim de seu mandato. Ele foi alvo de uma a\u00e7\u00e3o da Pol\u00edcia Civil e do Minist\u00e9rio P\u00fablico do estado em um desdobramento da Opera\u00e7\u00e3o Hades, que investiga a exist\u00eancia de um suposto &#8220;QG da Propina&#8221; na prefeitura.<\/p>\n<p>Segundo o G1 RJ, as investiga\u00e7\u00f5es iniciadas ainda em 2018 apontam que as empresas interessadas em fechar contratos com a prefeitura ou que tinham dinheiro a receber da gest\u00e3o entregavam cheques ao empres\u00e1rio Rafael Alves, que, por sua vez, facilitaria a assinatura dos contratos e o pagamento das d\u00edvidas, mediante propina.<\/p>\n<p>Rafael nem sequer tinha cargo na administra\u00e7\u00e3o p\u00fablica, mas dava expediente na Cidade das Artes, em uma sala ao lado do irm\u00e3o Marcelo Alves, ex-presidente da Riotur.\u00a0Essas informa\u00e7\u00f5es chegaram aos investigadores a partir da colabora\u00e7\u00e3o premiada do doleiro S\u00e9rgio Mizrahy, que revelou o esquema e apontou Rafael como chefe da organiza\u00e7\u00e3o criminosa.<\/p>\n<p><strong>Com o avan\u00e7o das apura\u00e7\u00f5es, o\u00a0empres\u00e1rio tamb\u00e9m foi preso hoje,\u00a0<\/strong><strong>assim como o delegado Fernando Moraes. O G1 aponta ainda que um quarto alvo da opera\u00e7\u00e3o \u00e9 o ex-senador Eduardo Lopes, mas ele n\u00e3o foi encontrado em casa para que os agentes cumprissem o mandado.<\/strong><\/p>\n","protected":false},"excerpt":{"rendered":"<p>O prefeito do Rio de Janeiro, Marcelo Crivella (Republicanos), foi preso na manh\u00e3 desta ter\u00e7a-feira (22), quando faltam apenas nove dias para o fim de seu mandato. Ele foi alvo de uma a\u00e7\u00e3o da Pol\u00edcia Civil e do Minist\u00e9rio P\u00fablico do estado em um desdobramento da Opera\u00e7\u00e3o Hades, que investiga a exist\u00eancia de um suposto [&hellip;]<\/p>\n","protected":false},"author":2,"featured_media":92110,"comment_status":"open","ping_status":"open","sticky":false,"template":"","format":"standard","meta":{"footnotes":"","_links_to":"","_links_to_target":""},"categories":[1],"tags":[],"class_list":["post-92109","post","type-post","status-publish","format-standard","has-post-thumbnail","hentry","category-geral"],"views":1176,"_links":{"self":[{"href":"https:\/\/www.sudoestehoje.com.br\/novoportal\/wp-json\/wp\/v2\/posts\/92109","targetHints":{"allow":["GET"]}}],"collection":[{"href":"https:\/\/www.sudoestehoje.com.br\/novoportal\/wp-json\/wp\/v2\/posts"}],"about":[{"href":"https:\/\/www.sudoestehoje.com.br\/novoportal\/wp-json\/wp\/v2\/types\/post"}],"author":[{"embeddable":true,"href":"https:\/\/www.sudoestehoje.com.br\/novoportal\/wp-json\/wp\/v2\/users\/2"}],"replies":[{"embeddable":true,"href":"https:\/\/www.sudoestehoje.com.br\/novoportal\/wp-json\/wp\/v2\/comments?post=92109"}],"version-history":[{"count":3,"href":"https:\/\/www.sudoestehoje.com.br\/novoportal\/wp-json\/wp\/v2\/posts\/92109\/revisions"}],"predecessor-version":[{"id":92113,"href":"https:\/\/www.sudoestehoje.com.br\/novoportal\/wp-json\/wp\/v2\/posts\/92109\/revisions\/92113"}],"wp:featuredmedia":[{"embeddable":true,"href":"https:\/\/www.sudoestehoje.com.br\/novoportal\/wp-json\/wp\/v2\/media\/92110"}],"wp:attachment":[{"href":"https:\/\/www.sudoestehoje.com.br\/novoportal\/wp-json\/wp\/v2\/media?parent=92109"}],"wp:term":[{"taxonomy":"category","embeddable":true,"href":"https:\/\/www.sudoestehoje.com.br\/novoportal\/wp-json\/wp\/v2\/categories?post=92109"},{"taxonomy":"post_tag","embeddable":true,"href":"https:\/\/www.sudoestehoje.com.br\/novoportal\/wp-json\/wp\/v2\/tags?post=92109"}],"curies":[{"name":"wp","href":"https:\/\/api.w.org\/{rel}","templated":true}]}}