
{"id":92105,"date":"2020-12-22T07:43:20","date_gmt":"2020-12-22T10:43:20","guid":{"rendered":"https:\/\/www.sudoestehoje.com.br\/novoportal\/?p=92105"},"modified":"2020-12-22T07:43:20","modified_gmt":"2020-12-22T10:43:20","slug":"itapetinga-morre-o-comerciante-luiz-moreira-o-luiz-da-bela-vista","status":"publish","type":"post","link":"https:\/\/www.sudoestehoje.com.br\/novoportal\/2020\/12\/22\/itapetinga-morre-o-comerciante-luiz-moreira-o-luiz-da-bela-vista\/","title":{"rendered":"ITAPETINGA: MORRE O COMERCIANTE LUIZ MOREIRA, O &#8216;LUIZ DA BELA VISTA&#8217;"},"content":{"rendered":"<p><a href=\"https:\/\/www.sudoestehoje.com.br\/novoportal\/wp-content\/uploads\/2020\/12\/luiz-moreira.jpg\"><img loading=\"lazy\" decoding=\"async\" class=\"aligncenter size-full wp-image-92106\" src=\"https:\/\/www.sudoestehoje.com.br\/novoportal\/wp-content\/uploads\/2020\/12\/luiz-moreira.jpg\" alt=\"\" width=\"415\" height=\"415\" srcset=\"https:\/\/www.sudoestehoje.com.br\/novoportal\/wp-content\/uploads\/2020\/12\/luiz-moreira.jpg 415w, https:\/\/www.sudoestehoje.com.br\/novoportal\/wp-content\/uploads\/2020\/12\/luiz-moreira-150x150.jpg 150w\" sizes=\"auto, (max-width: 415px) 100vw, 415px\" \/><\/a><\/p>\n<p>\u00c9 com imenso pesar que que noticiamos o falecimento do amigo Luiz Moreira, irm\u00e3o do secret\u00e1rios de Servi\u00e7os P\u00fablicos, Daniel Moreira, ocorrido nesta segunda-feira (21) na cidade de Belo Horizonte.<\/p>\n<p>De acordo com informa\u00e7\u00f5es de familiares, Luiz teria sido submetido a uma cirurgia, mas n\u00e3o resistiu a acabou vindo a \u00f3bito, na noite de ontem.<\/p>\n<p>Luiz era propriet\u00e1rio de uma lanchonete na Avenida Pomp\u00edlio Espinheira, no centro de Itapetinga, muito bem frequentada por pessoas da sociedade e jovens de Itapetinga. O local \u00e9 um &#8216;ponto de encontro&#8217; de amigos, que tinham Luiz no mais alto conceito. Luiz era propriet\u00e1rio, tamb\u00e9m, dos &#8216;pedalinhos&#8217; do Parque da Lagoa.<\/p>\n<p>O Sudoeste Hoje lamenta a perda do amigo e manifesta o seu pesar \u00e0 fam\u00edlia enlutada.<\/p>\n<p><strong><em>Por Davi Ferraz<\/em><\/strong><\/p>\n","protected":false},"excerpt":{"rendered":"<p>\u00c9 com imenso pesar que que noticiamos o falecimento do amigo Luiz Moreira, irm\u00e3o do secret\u00e1rios de Servi\u00e7os P\u00fablicos, Daniel Moreira, ocorrido nesta segunda-feira (21) na cidade de Belo Horizonte. De acordo com informa\u00e7\u00f5es de familiares, Luiz teria sido submetido a uma cirurgia, mas n\u00e3o resistiu a acabou vindo a \u00f3bito, na noite de ontem. [&hellip;]<\/p>\n","protected":false},"author":2,"featured_media":92106,"comment_status":"open","ping_status":"open","sticky":false,"template":"","format":"standard","meta":{"footnotes":"","_links_to":"","_links_to_target":""},"categories":[1],"tags":[],"class_list":["post-92105","post","type-post","status-publish","format-standard","has-post-thumbnail","hentry","category-geral"],"views":1806,"_links":{"self":[{"href":"https:\/\/www.sudoestehoje.com.br\/novoportal\/wp-json\/wp\/v2\/posts\/92105","targetHints":{"allow":["GET"]}}],"collection":[{"href":"https:\/\/www.sudoestehoje.com.br\/novoportal\/wp-json\/wp\/v2\/posts"}],"about":[{"href":"https:\/\/www.sudoestehoje.com.br\/novoportal\/wp-json\/wp\/v2\/types\/post"}],"author":[{"embeddable":true,"href":"https:\/\/www.sudoestehoje.com.br\/novoportal\/wp-json\/wp\/v2\/users\/2"}],"replies":[{"embeddable":true,"href":"https:\/\/www.sudoestehoje.com.br\/novoportal\/wp-json\/wp\/v2\/comments?post=92105"}],"version-history":[{"count":2,"href":"https:\/\/www.sudoestehoje.com.br\/novoportal\/wp-json\/wp\/v2\/posts\/92105\/revisions"}],"predecessor-version":[{"id":92108,"href":"https:\/\/www.sudoestehoje.com.br\/novoportal\/wp-json\/wp\/v2\/posts\/92105\/revisions\/92108"}],"wp:featuredmedia":[{"embeddable":true,"href":"https:\/\/www.sudoestehoje.com.br\/novoportal\/wp-json\/wp\/v2\/media\/92106"}],"wp:attachment":[{"href":"https:\/\/www.sudoestehoje.com.br\/novoportal\/wp-json\/wp\/v2\/media?parent=92105"}],"wp:term":[{"taxonomy":"category","embeddable":true,"href":"https:\/\/www.sudoestehoje.com.br\/novoportal\/wp-json\/wp\/v2\/categories?post=92105"},{"taxonomy":"post_tag","embeddable":true,"href":"https:\/\/www.sudoestehoje.com.br\/novoportal\/wp-json\/wp\/v2\/tags?post=92105"}],"curies":[{"name":"wp","href":"https:\/\/api.w.org\/{rel}","templated":true}]}}