
{"id":92099,"date":"2020-12-21T22:38:04","date_gmt":"2020-12-22T01:38:04","guid":{"rendered":"https:\/\/www.sudoestehoje.com.br\/novoportal\/?p=92099"},"modified":"2020-12-21T22:38:04","modified_gmt":"2020-12-22T01:38:04","slug":"decreto-de-calamidade-para-municipios-com-ate-100-mil-habitantes-e-renovado-na-bahia","status":"publish","type":"post","link":"https:\/\/www.sudoestehoje.com.br\/novoportal\/2020\/12\/21\/decreto-de-calamidade-para-municipios-com-ate-100-mil-habitantes-e-renovado-na-bahia\/","title":{"rendered":"DECRETO DE CALAMIDADE PARA MUNIC\u00cdPIOS COM AT\u00c9 100 MIL HABITANTES \u00c9 RENOVADO NA BAHIA"},"content":{"rendered":"<p><a href=\"https:\/\/www.sudoestehoje.com.br\/novoportal\/wp-content\/uploads\/2020\/12\/ITAPETINGA-VISTA-PARCIAL.jpeg\"><img loading=\"lazy\" decoding=\"async\" class=\"aligncenter size-medium wp-image-92102\" src=\"https:\/\/www.sudoestehoje.com.br\/novoportal\/wp-content\/uploads\/2020\/12\/ITAPETINGA-VISTA-PARCIAL-500x333.jpeg\" alt=\"\" width=\"500\" height=\"333\" srcset=\"https:\/\/www.sudoestehoje.com.br\/novoportal\/wp-content\/uploads\/2020\/12\/ITAPETINGA-VISTA-PARCIAL-500x333.jpeg 500w, https:\/\/www.sudoestehoje.com.br\/novoportal\/wp-content\/uploads\/2020\/12\/ITAPETINGA-VISTA-PARCIAL-700x466.jpeg 700w, https:\/\/www.sudoestehoje.com.br\/novoportal\/wp-content\/uploads\/2020\/12\/ITAPETINGA-VISTA-PARCIAL-768x512.jpeg 768w, https:\/\/www.sudoestehoje.com.br\/novoportal\/wp-content\/uploads\/2020\/12\/ITAPETINGA-VISTA-PARCIAL.jpeg 1280w\" sizes=\"auto, (max-width: 500px) 100vw, 500px\" \/><\/a><\/p>\n<p>Os deputados da Assembleia Legislativa da Bahia (AL-BA) votaram, nesta segunda-feira (21), \u00a0pela renova\u00e7\u00e3o dos decretos de calamidade\u00a0 para todas as cidades baianas com popula\u00e7\u00e3o inferior a 100 mil habitantes. A medida atende \u00e0s necessidades impostas pela pandemia do novo coronav\u00edrus.<\/p>\n<p>Com o resultado da vota\u00e7\u00e3o un\u00e2nime, \u00a0os decretos que tinham validade at\u00e9 o dia 28 de setembro, passam a valer retroativamente a partir do dia 29 de setembro.<\/p>\n<p>Est\u00e1 foi uma alternativa encontrada pelos legisladores para que n\u00e3o haja um lapso temporal entre a primeira data de validade da medida e o pr\u00f3ximo dia 31, nova data de validade das medidas.<\/p>\n","protected":false},"excerpt":{"rendered":"<p>Os deputados da Assembleia Legislativa da Bahia (AL-BA) votaram, nesta segunda-feira (21), \u00a0pela renova\u00e7\u00e3o dos decretos de calamidade\u00a0 para todas as cidades baianas com popula\u00e7\u00e3o inferior a 100 mil habitantes. A medida atende \u00e0s necessidades impostas pela pandemia do novo coronav\u00edrus. Com o resultado da vota\u00e7\u00e3o un\u00e2nime, \u00a0os decretos que tinham validade at\u00e9 o dia [&hellip;]<\/p>\n","protected":false},"author":2,"featured_media":92102,"comment_status":"open","ping_status":"open","sticky":false,"template":"","format":"standard","meta":{"footnotes":"","_links_to":"","_links_to_target":""},"categories":[1],"tags":[],"class_list":["post-92099","post","type-post","status-publish","format-standard","has-post-thumbnail","hentry","category-geral"],"views":1184,"_links":{"self":[{"href":"https:\/\/www.sudoestehoje.com.br\/novoportal\/wp-json\/wp\/v2\/posts\/92099","targetHints":{"allow":["GET"]}}],"collection":[{"href":"https:\/\/www.sudoestehoje.com.br\/novoportal\/wp-json\/wp\/v2\/posts"}],"about":[{"href":"https:\/\/www.sudoestehoje.com.br\/novoportal\/wp-json\/wp\/v2\/types\/post"}],"author":[{"embeddable":true,"href":"https:\/\/www.sudoestehoje.com.br\/novoportal\/wp-json\/wp\/v2\/users\/2"}],"replies":[{"embeddable":true,"href":"https:\/\/www.sudoestehoje.com.br\/novoportal\/wp-json\/wp\/v2\/comments?post=92099"}],"version-history":[{"count":4,"href":"https:\/\/www.sudoestehoje.com.br\/novoportal\/wp-json\/wp\/v2\/posts\/92099\/revisions"}],"predecessor-version":[{"id":92104,"href":"https:\/\/www.sudoestehoje.com.br\/novoportal\/wp-json\/wp\/v2\/posts\/92099\/revisions\/92104"}],"wp:featuredmedia":[{"embeddable":true,"href":"https:\/\/www.sudoestehoje.com.br\/novoportal\/wp-json\/wp\/v2\/media\/92102"}],"wp:attachment":[{"href":"https:\/\/www.sudoestehoje.com.br\/novoportal\/wp-json\/wp\/v2\/media?parent=92099"}],"wp:term":[{"taxonomy":"category","embeddable":true,"href":"https:\/\/www.sudoestehoje.com.br\/novoportal\/wp-json\/wp\/v2\/categories?post=92099"},{"taxonomy":"post_tag","embeddable":true,"href":"https:\/\/www.sudoestehoje.com.br\/novoportal\/wp-json\/wp\/v2\/tags?post=92099"}],"curies":[{"name":"wp","href":"https:\/\/api.w.org\/{rel}","templated":true}]}}