
{"id":92095,"date":"2020-12-21T11:32:23","date_gmt":"2020-12-21T14:32:23","guid":{"rendered":"https:\/\/www.sudoestehoje.com.br\/novoportal\/?p=92095"},"modified":"2020-12-21T11:32:23","modified_gmt":"2020-12-21T14:32:23","slug":"conquista-herzem-gusmao-tem-melhora-mas-segue-internado-sem-previsao-de-alta","status":"publish","type":"post","link":"https:\/\/www.sudoestehoje.com.br\/novoportal\/2020\/12\/21\/conquista-herzem-gusmao-tem-melhora-mas-segue-internado-sem-previsao-de-alta\/","title":{"rendered":"CONQUISTA: HERZEM GUSM\u00c3O TEM MELHORA MAS SEGUE INTERNADO SEM PREVIS\u00c3O DE ALTA"},"content":{"rendered":"<p><a href=\"https:\/\/www.sudoestehoje.com.br\/novoportal\/wp-content\/uploads\/2020\/12\/HERZEM-COVID.jpg\"><img loading=\"lazy\" decoding=\"async\" class=\"aligncenter size-medium wp-image-92097\" src=\"https:\/\/www.sudoestehoje.com.br\/novoportal\/wp-content\/uploads\/2020\/12\/HERZEM-COVID-500x311.jpg\" alt=\"\" width=\"500\" height=\"311\" srcset=\"https:\/\/www.sudoestehoje.com.br\/novoportal\/wp-content\/uploads\/2020\/12\/HERZEM-COVID-500x311.jpg 500w, https:\/\/www.sudoestehoje.com.br\/novoportal\/wp-content\/uploads\/2020\/12\/HERZEM-COVID-700x436.jpg 700w, https:\/\/www.sudoestehoje.com.br\/novoportal\/wp-content\/uploads\/2020\/12\/HERZEM-COVID-768x478.jpg 768w, https:\/\/www.sudoestehoje.com.br\/novoportal\/wp-content\/uploads\/2020\/12\/HERZEM-COVID.jpg 940w\" sizes=\"auto, (max-width: 500px) 100vw, 500px\" \/><\/a><\/p>\n<p>O prefeito de Vit\u00f3ria da Conquista, no Sudoeste, Herzem Gusm\u00e3o, segue internado no come\u00e7o para tratamento da Covid-19. Gusm\u00e3o, de 73 anos, est\u00e1 hospitalizado no Hospital Samur. Segundo o Blog do Anderson, a unidade de sa\u00fade informou em boletim divulgado no final da tarde deste domingo (20) que o gestor apresentou melhora e respira \u201cespontaneamente\u201d com aux\u00edlio de oxig\u00eanio.<\/p>\n<p>Herzem Gusm\u00e3o, de 73 anos, faz tamb\u00e9m fisioterapia e tem resposta positiva, segundo tamb\u00e9m informou a unidade m\u00e9dica. N\u00e3o h\u00e1 previs\u00e3o de alta. Na \u00faltima quinta-feira (17) foi informado que o prefeito tinha sofrido uma les\u00e3o no pulm\u00e3o<\/p>\n","protected":false},"excerpt":{"rendered":"<p>O prefeito de Vit\u00f3ria da Conquista, no Sudoeste, Herzem Gusm\u00e3o, segue internado no come\u00e7o para tratamento da Covid-19. Gusm\u00e3o, de 73 anos, est\u00e1 hospitalizado no Hospital Samur. Segundo o Blog do Anderson, a unidade de sa\u00fade informou em boletim divulgado no final da tarde deste domingo (20) que o gestor apresentou melhora e respira \u201cespontaneamente\u201d [&hellip;]<\/p>\n","protected":false},"author":2,"featured_media":92097,"comment_status":"open","ping_status":"open","sticky":false,"template":"","format":"standard","meta":{"footnotes":"","_links_to":"","_links_to_target":""},"categories":[1],"tags":[],"class_list":["post-92095","post","type-post","status-publish","format-standard","has-post-thumbnail","hentry","category-geral"],"views":792,"_links":{"self":[{"href":"https:\/\/www.sudoestehoje.com.br\/novoportal\/wp-json\/wp\/v2\/posts\/92095","targetHints":{"allow":["GET"]}}],"collection":[{"href":"https:\/\/www.sudoestehoje.com.br\/novoportal\/wp-json\/wp\/v2\/posts"}],"about":[{"href":"https:\/\/www.sudoestehoje.com.br\/novoportal\/wp-json\/wp\/v2\/types\/post"}],"author":[{"embeddable":true,"href":"https:\/\/www.sudoestehoje.com.br\/novoportal\/wp-json\/wp\/v2\/users\/2"}],"replies":[{"embeddable":true,"href":"https:\/\/www.sudoestehoje.com.br\/novoportal\/wp-json\/wp\/v2\/comments?post=92095"}],"version-history":[{"count":2,"href":"https:\/\/www.sudoestehoje.com.br\/novoportal\/wp-json\/wp\/v2\/posts\/92095\/revisions"}],"predecessor-version":[{"id":92098,"href":"https:\/\/www.sudoestehoje.com.br\/novoportal\/wp-json\/wp\/v2\/posts\/92095\/revisions\/92098"}],"wp:featuredmedia":[{"embeddable":true,"href":"https:\/\/www.sudoestehoje.com.br\/novoportal\/wp-json\/wp\/v2\/media\/92097"}],"wp:attachment":[{"href":"https:\/\/www.sudoestehoje.com.br\/novoportal\/wp-json\/wp\/v2\/media?parent=92095"}],"wp:term":[{"taxonomy":"category","embeddable":true,"href":"https:\/\/www.sudoestehoje.com.br\/novoportal\/wp-json\/wp\/v2\/categories?post=92095"},{"taxonomy":"post_tag","embeddable":true,"href":"https:\/\/www.sudoestehoje.com.br\/novoportal\/wp-json\/wp\/v2\/tags?post=92095"}],"curies":[{"name":"wp","href":"https:\/\/api.w.org\/{rel}","templated":true}]}}