
{"id":92092,"date":"2020-12-21T11:10:39","date_gmt":"2020-12-21T14:10:39","guid":{"rendered":"https:\/\/www.sudoestehoje.com.br\/novoportal\/?p=92092"},"modified":"2020-12-21T11:10:39","modified_gmt":"2020-12-21T14:10:39","slug":"itapetinga-camara-de-vereadores-inaugura-memorial-nesta-terca","status":"publish","type":"post","link":"https:\/\/www.sudoestehoje.com.br\/novoportal\/2020\/12\/21\/itapetinga-camara-de-vereadores-inaugura-memorial-nesta-terca\/","title":{"rendered":"ITAPETINGA: C\u00c2MARA DE VEREADORES INAUGURA MEMORIAL NESTA TER\u00c7A"},"content":{"rendered":"<p><a href=\"https:\/\/www.sudoestehoje.com.br\/novoportal\/wp-content\/uploads\/2020\/12\/memorial-camara.jpeg\"><img loading=\"lazy\" decoding=\"async\" class=\"aligncenter size-medium wp-image-92093\" src=\"https:\/\/www.sudoestehoje.com.br\/novoportal\/wp-content\/uploads\/2020\/12\/memorial-camara-500x281.jpeg\" alt=\"\" width=\"500\" height=\"281\" srcset=\"https:\/\/www.sudoestehoje.com.br\/novoportal\/wp-content\/uploads\/2020\/12\/memorial-camara-500x281.jpeg 500w, https:\/\/www.sudoestehoje.com.br\/novoportal\/wp-content\/uploads\/2020\/12\/memorial-camara-700x394.jpeg 700w, https:\/\/www.sudoestehoje.com.br\/novoportal\/wp-content\/uploads\/2020\/12\/memorial-camara-768x432.jpeg 768w, https:\/\/www.sudoestehoje.com.br\/novoportal\/wp-content\/uploads\/2020\/12\/memorial-camara.jpeg 1280w\" sizes=\"auto, (max-width: 500px) 100vw, 500px\" \/><\/a><\/p>\n<p>Nesta ter\u00e7a-feira (22), a C\u00e2mara de Vereadores de Itapetinga realizar\u00e1 a inaugura\u00e7\u00e3o do seu Memorial, narrando toda a Hist\u00f3ria do Legislativo Municipal durante sua exist\u00eancia.<\/p>\n<p>A solenidade acontecer\u00e1 a partir das 9h e, em raz\u00e3o da pandemia, contar\u00e1 com um n\u00famero reduzido de convidados, priorizando a presen\u00e7a de autoridades e representantes de entidades.<\/p>\n<p><em>Reda\u00e7\u00e3o SH<\/em><\/p>\n","protected":false},"excerpt":{"rendered":"<p>Nesta ter\u00e7a-feira (22), a C\u00e2mara de Vereadores de Itapetinga realizar\u00e1 a inaugura\u00e7\u00e3o do seu Memorial, narrando toda a Hist\u00f3ria do Legislativo Municipal durante sua exist\u00eancia. A solenidade acontecer\u00e1 a partir das 9h e, em raz\u00e3o da pandemia, contar\u00e1 com um n\u00famero reduzido de convidados, priorizando a presen\u00e7a de autoridades e representantes de entidades. Reda\u00e7\u00e3o SH<\/p>\n","protected":false},"author":2,"featured_media":92093,"comment_status":"open","ping_status":"open","sticky":false,"template":"","format":"standard","meta":{"footnotes":"","_links_to":"","_links_to_target":""},"categories":[1],"tags":[],"class_list":["post-92092","post","type-post","status-publish","format-standard","has-post-thumbnail","hentry","category-geral"],"views":900,"_links":{"self":[{"href":"https:\/\/www.sudoestehoje.com.br\/novoportal\/wp-json\/wp\/v2\/posts\/92092","targetHints":{"allow":["GET"]}}],"collection":[{"href":"https:\/\/www.sudoestehoje.com.br\/novoportal\/wp-json\/wp\/v2\/posts"}],"about":[{"href":"https:\/\/www.sudoestehoje.com.br\/novoportal\/wp-json\/wp\/v2\/types\/post"}],"author":[{"embeddable":true,"href":"https:\/\/www.sudoestehoje.com.br\/novoportal\/wp-json\/wp\/v2\/users\/2"}],"replies":[{"embeddable":true,"href":"https:\/\/www.sudoestehoje.com.br\/novoportal\/wp-json\/wp\/v2\/comments?post=92092"}],"version-history":[{"count":1,"href":"https:\/\/www.sudoestehoje.com.br\/novoportal\/wp-json\/wp\/v2\/posts\/92092\/revisions"}],"predecessor-version":[{"id":92094,"href":"https:\/\/www.sudoestehoje.com.br\/novoportal\/wp-json\/wp\/v2\/posts\/92092\/revisions\/92094"}],"wp:featuredmedia":[{"embeddable":true,"href":"https:\/\/www.sudoestehoje.com.br\/novoportal\/wp-json\/wp\/v2\/media\/92093"}],"wp:attachment":[{"href":"https:\/\/www.sudoestehoje.com.br\/novoportal\/wp-json\/wp\/v2\/media?parent=92092"}],"wp:term":[{"taxonomy":"category","embeddable":true,"href":"https:\/\/www.sudoestehoje.com.br\/novoportal\/wp-json\/wp\/v2\/categories?post=92092"},{"taxonomy":"post_tag","embeddable":true,"href":"https:\/\/www.sudoestehoje.com.br\/novoportal\/wp-json\/wp\/v2\/tags?post=92092"}],"curies":[{"name":"wp","href":"https:\/\/api.w.org\/{rel}","templated":true}]}}