
{"id":92086,"date":"2020-12-21T10:07:10","date_gmt":"2020-12-21T13:07:10","guid":{"rendered":"https:\/\/www.sudoestehoje.com.br\/novoportal\/?p=92086"},"modified":"2020-12-21T10:46:49","modified_gmt":"2020-12-21T13:46:49","slug":"deputado-rosemberg-pinto-testa-positivo-para-covid-19","status":"publish","type":"post","link":"https:\/\/www.sudoestehoje.com.br\/novoportal\/2020\/12\/21\/deputado-rosemberg-pinto-testa-positivo-para-covid-19\/","title":{"rendered":"SEGUNDA ONDA: DEPUTADO ROSEMBERG PINTO TESTA POSITIVO PARA COVID-19"},"content":{"rendered":"<p><a href=\"https:\/\/www.sudoestehoje.com.br\/novoportal\/wp-content\/uploads\/2020\/12\/amaral-rosemberg-nova-2-jeronimo.jpg\"><img loading=\"lazy\" decoding=\"async\" class=\"aligncenter size-medium wp-image-92088\" src=\"https:\/\/www.sudoestehoje.com.br\/novoportal\/wp-content\/uploads\/2020\/12\/amaral-rosemberg-nova-2-jeronimo-500x375.jpg\" alt=\"\" width=\"500\" height=\"375\" srcset=\"https:\/\/www.sudoestehoje.com.br\/novoportal\/wp-content\/uploads\/2020\/12\/amaral-rosemberg-nova-2-jeronimo-500x375.jpg 500w, https:\/\/www.sudoestehoje.com.br\/novoportal\/wp-content\/uploads\/2020\/12\/amaral-rosemberg-nova-2-jeronimo.jpg 667w\" sizes=\"auto, (max-width: 500px) 100vw, 500px\" \/><\/a><\/p>\n<p>O deputado estadual Rosemberg Pinto (PT), l\u00edder do governo Rui Costa na Assembleia Legislativa da Bahia (AL-BA), testou positivo para Covid-19.<\/p>\n<p>O parlamentar decidiu fazer o teste na semana passada, quando foi acometido por um leve resfriado. Mas, conforme relatado por sua assessoria, ele agora est\u00e1 assintom\u00e1tico e em isolamento domiciliar.<\/p>\n<p>Sendo assim, ele cumprir\u00e1 sua agenda parlamentar de forma remota.<em><strong> \/\/BN<\/strong><\/em><\/p>\n","protected":false},"excerpt":{"rendered":"<p>O deputado estadual Rosemberg Pinto (PT), l\u00edder do governo Rui Costa na Assembleia Legislativa da Bahia (AL-BA), testou positivo para Covid-19. O parlamentar decidiu fazer o teste na semana passada, quando foi acometido por um leve resfriado. Mas, conforme relatado por sua assessoria, ele agora est\u00e1 assintom\u00e1tico e em isolamento domiciliar. Sendo assim, ele cumprir\u00e1 [&hellip;]<\/p>\n","protected":false},"author":2,"featured_media":92088,"comment_status":"open","ping_status":"open","sticky":false,"template":"","format":"standard","meta":{"footnotes":"","_links_to":"","_links_to_target":""},"categories":[1],"tags":[],"class_list":["post-92086","post","type-post","status-publish","format-standard","has-post-thumbnail","hentry","category-geral"],"views":875,"_links":{"self":[{"href":"https:\/\/www.sudoestehoje.com.br\/novoportal\/wp-json\/wp\/v2\/posts\/92086","targetHints":{"allow":["GET"]}}],"collection":[{"href":"https:\/\/www.sudoestehoje.com.br\/novoportal\/wp-json\/wp\/v2\/posts"}],"about":[{"href":"https:\/\/www.sudoestehoje.com.br\/novoportal\/wp-json\/wp\/v2\/types\/post"}],"author":[{"embeddable":true,"href":"https:\/\/www.sudoestehoje.com.br\/novoportal\/wp-json\/wp\/v2\/users\/2"}],"replies":[{"embeddable":true,"href":"https:\/\/www.sudoestehoje.com.br\/novoportal\/wp-json\/wp\/v2\/comments?post=92086"}],"version-history":[{"count":4,"href":"https:\/\/www.sudoestehoje.com.br\/novoportal\/wp-json\/wp\/v2\/posts\/92086\/revisions"}],"predecessor-version":[{"id":92091,"href":"https:\/\/www.sudoestehoje.com.br\/novoportal\/wp-json\/wp\/v2\/posts\/92086\/revisions\/92091"}],"wp:featuredmedia":[{"embeddable":true,"href":"https:\/\/www.sudoestehoje.com.br\/novoportal\/wp-json\/wp\/v2\/media\/92088"}],"wp:attachment":[{"href":"https:\/\/www.sudoestehoje.com.br\/novoportal\/wp-json\/wp\/v2\/media?parent=92086"}],"wp:term":[{"taxonomy":"category","embeddable":true,"href":"https:\/\/www.sudoestehoje.com.br\/novoportal\/wp-json\/wp\/v2\/categories?post=92086"},{"taxonomy":"post_tag","embeddable":true,"href":"https:\/\/www.sudoestehoje.com.br\/novoportal\/wp-json\/wp\/v2\/tags?post=92086"}],"curies":[{"name":"wp","href":"https:\/\/api.w.org\/{rel}","templated":true}]}}