
{"id":92082,"date":"2020-12-21T09:48:11","date_gmt":"2020-12-21T12:48:11","guid":{"rendered":"https:\/\/www.sudoestehoje.com.br\/novoportal\/?p=92082"},"modified":"2020-12-21T09:48:11","modified_gmt":"2020-12-21T12:48:11","slug":"mano-menezes-e-demitido-do-time-do-bahia-apos-derrota-para-o-flamengo","status":"publish","type":"post","link":"https:\/\/www.sudoestehoje.com.br\/novoportal\/2020\/12\/21\/mano-menezes-e-demitido-do-time-do-bahia-apos-derrota-para-o-flamengo\/","title":{"rendered":"MANO MENEZES \u00c9 DEMITIDO DO TIME DO BAHIA AP\u00d3S DERROTA PARA O FLAMENGO"},"content":{"rendered":"<p><a href=\"https:\/\/www.sudoestehoje.com.br\/novoportal\/wp-content\/uploads\/2020\/12\/MANO.jpg\"><img loading=\"lazy\" decoding=\"async\" class=\"aligncenter size-medium wp-image-92083\" src=\"https:\/\/www.sudoestehoje.com.br\/novoportal\/wp-content\/uploads\/2020\/12\/MANO-500x235.jpg\" alt=\"\" width=\"500\" height=\"235\" srcset=\"https:\/\/www.sudoestehoje.com.br\/novoportal\/wp-content\/uploads\/2020\/12\/MANO-500x235.jpg 500w, https:\/\/www.sudoestehoje.com.br\/novoportal\/wp-content\/uploads\/2020\/12\/MANO-700x329.jpg 700w, https:\/\/www.sudoestehoje.com.br\/novoportal\/wp-content\/uploads\/2020\/12\/MANO-768x361.jpg 768w, https:\/\/www.sudoestehoje.com.br\/novoportal\/wp-content\/uploads\/2020\/12\/MANO-1536x722.jpg 1536w, https:\/\/www.sudoestehoje.com.br\/novoportal\/wp-content\/uploads\/2020\/12\/MANO.jpg 1600w\" sizes=\"auto, (max-width: 500px) 100vw, 500px\" \/><\/a><\/p>\n<p>O t\u00e9cnico Mano Menezes n\u00e3o \u00e9 mais o treinador do Bahia. Ele foi desligado do cargo ap\u00f3s a derrota por 4 a 3 para o Flamengo, na noite de hoje (20), pelo Brasileir\u00e3o da S\u00e9rie A. O jogo foi marcado por uma acusa\u00e7\u00e3o de racismo feita pelo volante flamenguista G\u00e9rson contra o meia-atacante Juan Ram\u00edrez.<\/p>\n<p>O colombiano teria dito &#8220;Cala a boca, negro&#8221;, em refer\u00eancia ao atleta rubro-negro. Em entrevista coletiva, Mano se manifestou sobre o tema e afirmou que o clube ir\u00e1 apurar o que aconteceu para decidir o futuro do jogador.<\/p>\n<p>Pelo comando do Bahia, Mano Menezes comandou a equipe em 21 jogos, conquistando somente sete vit\u00f3rias, um empate e 13 derrotas.<\/p>\n","protected":false},"excerpt":{"rendered":"<p>O t\u00e9cnico Mano Menezes n\u00e3o \u00e9 mais o treinador do Bahia. Ele foi desligado do cargo ap\u00f3s a derrota por 4 a 3 para o Flamengo, na noite de hoje (20), pelo Brasileir\u00e3o da S\u00e9rie A. O jogo foi marcado por uma acusa\u00e7\u00e3o de racismo feita pelo volante flamenguista G\u00e9rson contra o meia-atacante Juan Ram\u00edrez. [&hellip;]<\/p>\n","protected":false},"author":2,"featured_media":92083,"comment_status":"open","ping_status":"open","sticky":false,"template":"","format":"standard","meta":{"footnotes":"","_links_to":"","_links_to_target":""},"categories":[1],"tags":[],"class_list":["post-92082","post","type-post","status-publish","format-standard","has-post-thumbnail","hentry","category-geral"],"views":802,"_links":{"self":[{"href":"https:\/\/www.sudoestehoje.com.br\/novoportal\/wp-json\/wp\/v2\/posts\/92082","targetHints":{"allow":["GET"]}}],"collection":[{"href":"https:\/\/www.sudoestehoje.com.br\/novoportal\/wp-json\/wp\/v2\/posts"}],"about":[{"href":"https:\/\/www.sudoestehoje.com.br\/novoportal\/wp-json\/wp\/v2\/types\/post"}],"author":[{"embeddable":true,"href":"https:\/\/www.sudoestehoje.com.br\/novoportal\/wp-json\/wp\/v2\/users\/2"}],"replies":[{"embeddable":true,"href":"https:\/\/www.sudoestehoje.com.br\/novoportal\/wp-json\/wp\/v2\/comments?post=92082"}],"version-history":[{"count":2,"href":"https:\/\/www.sudoestehoje.com.br\/novoportal\/wp-json\/wp\/v2\/posts\/92082\/revisions"}],"predecessor-version":[{"id":92085,"href":"https:\/\/www.sudoestehoje.com.br\/novoportal\/wp-json\/wp\/v2\/posts\/92082\/revisions\/92085"}],"wp:featuredmedia":[{"embeddable":true,"href":"https:\/\/www.sudoestehoje.com.br\/novoportal\/wp-json\/wp\/v2\/media\/92083"}],"wp:attachment":[{"href":"https:\/\/www.sudoestehoje.com.br\/novoportal\/wp-json\/wp\/v2\/media?parent=92082"}],"wp:term":[{"taxonomy":"category","embeddable":true,"href":"https:\/\/www.sudoestehoje.com.br\/novoportal\/wp-json\/wp\/v2\/categories?post=92082"},{"taxonomy":"post_tag","embeddable":true,"href":"https:\/\/www.sudoestehoje.com.br\/novoportal\/wp-json\/wp\/v2\/tags?post=92082"}],"curies":[{"name":"wp","href":"https:\/\/api.w.org\/{rel}","templated":true}]}}