
{"id":92077,"date":"2020-12-21T09:37:15","date_gmt":"2020-12-21T12:37:15","guid":{"rendered":"https:\/\/www.sudoestehoje.com.br\/novoportal\/?p=92077"},"modified":"2020-12-21T09:37:15","modified_gmt":"2020-12-21T12:37:15","slug":"carregador-de-celular-explode-na-casa-do-presidente-da-oab-da-bahia-e-causa-incendio","status":"publish","type":"post","link":"https:\/\/www.sudoestehoje.com.br\/novoportal\/2020\/12\/21\/carregador-de-celular-explode-na-casa-do-presidente-da-oab-da-bahia-e-causa-incendio\/","title":{"rendered":"CARREGADOR DE CELULAR EXPLODE NA CASA DO PRESIDENTE DA OAB DA BAHIA E CAUSA INC\u00caNDIO"},"content":{"rendered":"<p><a href=\"https:\/\/www.sudoestehoje.com.br\/novoportal\/wp-content\/uploads\/2020\/12\/CARREGADOR.jpg\"><img loading=\"lazy\" decoding=\"async\" class=\"aligncenter size-medium wp-image-92080\" src=\"https:\/\/www.sudoestehoje.com.br\/novoportal\/wp-content\/uploads\/2020\/12\/CARREGADOR-500x247.jpg\" alt=\"\" width=\"500\" height=\"247\" srcset=\"https:\/\/www.sudoestehoje.com.br\/novoportal\/wp-content\/uploads\/2020\/12\/CARREGADOR-500x247.jpg 500w, https:\/\/www.sudoestehoje.com.br\/novoportal\/wp-content\/uploads\/2020\/12\/CARREGADOR-700x346.jpg 700w, https:\/\/www.sudoestehoje.com.br\/novoportal\/wp-content\/uploads\/2020\/12\/CARREGADOR-768x379.jpg 768w, https:\/\/www.sudoestehoje.com.br\/novoportal\/wp-content\/uploads\/2020\/12\/CARREGADOR.jpg 810w\" sizes=\"auto, (max-width: 500px) 100vw, 500px\" \/><\/a><\/p>\n<p>O presidente da Ordem dos Advogados do Brasil, sec\u00e7\u00e3o Bahia, (OAB-BA), levou um grande susto na madrugada desta segunda-feira (21), ap\u00f3s um carregador port\u00e1til explodir ao lado da cabeceira da cama em que dormia na pr\u00f3pria resid\u00eancia.<\/p>\n<p>Um detalhe revelado pela v\u00edtima em publica\u00e7\u00e3o no Instagram e que chama a aten\u00e7\u00e3o \u00e9 que o aparelho eletr\u00f4nico n\u00e3o estava conectado a nenhuma fonte de energia ou sendo utilizado.<\/p>\n<p>\u201cAp\u00f3s a explos\u00e3o, que jogou o que tinha na cabeceira para longe, o carregador \u201cpulou\u201d e bateu na parede lateral em chamas\u201d, disse Fabr\u00edcio.<\/p>\n<p>De acordo com o post, a v\u00edtima conseguiu debelar as chamas do princ\u00edpio de inc\u00eandio e ningu\u00e9m ficou ferido.<\/p>\n","protected":false},"excerpt":{"rendered":"<p>O presidente da Ordem dos Advogados do Brasil, sec\u00e7\u00e3o Bahia, (OAB-BA), levou um grande susto na madrugada desta segunda-feira (21), ap\u00f3s um carregador port\u00e1til explodir ao lado da cabeceira da cama em que dormia na pr\u00f3pria resid\u00eancia. Um detalhe revelado pela v\u00edtima em publica\u00e7\u00e3o no Instagram e que chama a aten\u00e7\u00e3o \u00e9 que o aparelho [&hellip;]<\/p>\n","protected":false},"author":2,"featured_media":92080,"comment_status":"open","ping_status":"open","sticky":false,"template":"","format":"standard","meta":{"footnotes":"","_links_to":"","_links_to_target":""},"categories":[1],"tags":[],"class_list":["post-92077","post","type-post","status-publish","format-standard","has-post-thumbnail","hentry","category-geral"],"views":1134,"_links":{"self":[{"href":"https:\/\/www.sudoestehoje.com.br\/novoportal\/wp-json\/wp\/v2\/posts\/92077","targetHints":{"allow":["GET"]}}],"collection":[{"href":"https:\/\/www.sudoestehoje.com.br\/novoportal\/wp-json\/wp\/v2\/posts"}],"about":[{"href":"https:\/\/www.sudoestehoje.com.br\/novoportal\/wp-json\/wp\/v2\/types\/post"}],"author":[{"embeddable":true,"href":"https:\/\/www.sudoestehoje.com.br\/novoportal\/wp-json\/wp\/v2\/users\/2"}],"replies":[{"embeddable":true,"href":"https:\/\/www.sudoestehoje.com.br\/novoportal\/wp-json\/wp\/v2\/comments?post=92077"}],"version-history":[{"count":3,"href":"https:\/\/www.sudoestehoje.com.br\/novoportal\/wp-json\/wp\/v2\/posts\/92077\/revisions"}],"predecessor-version":[{"id":92081,"href":"https:\/\/www.sudoestehoje.com.br\/novoportal\/wp-json\/wp\/v2\/posts\/92077\/revisions\/92081"}],"wp:featuredmedia":[{"embeddable":true,"href":"https:\/\/www.sudoestehoje.com.br\/novoportal\/wp-json\/wp\/v2\/media\/92080"}],"wp:attachment":[{"href":"https:\/\/www.sudoestehoje.com.br\/novoportal\/wp-json\/wp\/v2\/media?parent=92077"}],"wp:term":[{"taxonomy":"category","embeddable":true,"href":"https:\/\/www.sudoestehoje.com.br\/novoportal\/wp-json\/wp\/v2\/categories?post=92077"},{"taxonomy":"post_tag","embeddable":true,"href":"https:\/\/www.sudoestehoje.com.br\/novoportal\/wp-json\/wp\/v2\/tags?post=92077"}],"curies":[{"name":"wp","href":"https:\/\/api.w.org\/{rel}","templated":true}]}}