
{"id":92073,"date":"2020-12-21T09:26:55","date_gmt":"2020-12-21T12:26:55","guid":{"rendered":"https:\/\/www.sudoestehoje.com.br\/novoportal\/?p=92073"},"modified":"2020-12-21T09:26:55","modified_gmt":"2020-12-21T12:26:55","slug":"bahia-afasta-indio-ramirez-apos-denuncia-de-racismo-contra-jogador-do-flamengo","status":"publish","type":"post","link":"https:\/\/www.sudoestehoje.com.br\/novoportal\/2020\/12\/21\/bahia-afasta-indio-ramirez-apos-denuncia-de-racismo-contra-jogador-do-flamengo\/","title":{"rendered":"BAHIA AFASTA \u00cdNDIO RAMIREZ AP\u00d3S DEN\u00daNCIA DE RACISMO CONTRA JOGADOR DO FLAMENGO"},"content":{"rendered":"<p><a href=\"https:\/\/www.sudoestehoje.com.br\/novoportal\/wp-content\/uploads\/2020\/12\/INDIO-RAMIREZ.jpg\"><img loading=\"lazy\" decoding=\"async\" class=\"aligncenter size-medium wp-image-92075\" src=\"https:\/\/www.sudoestehoje.com.br\/novoportal\/wp-content\/uploads\/2020\/12\/INDIO-RAMIREZ-500x334.jpg\" alt=\"\" width=\"500\" height=\"334\" srcset=\"https:\/\/www.sudoestehoje.com.br\/novoportal\/wp-content\/uploads\/2020\/12\/INDIO-RAMIREZ-500x334.jpg 500w, https:\/\/www.sudoestehoje.com.br\/novoportal\/wp-content\/uploads\/2020\/12\/INDIO-RAMIREZ-700x467.jpg 700w, https:\/\/www.sudoestehoje.com.br\/novoportal\/wp-content\/uploads\/2020\/12\/INDIO-RAMIREZ-768x512.jpg 768w, https:\/\/www.sudoestehoje.com.br\/novoportal\/wp-content\/uploads\/2020\/12\/INDIO-RAMIREZ.jpg 940w\" sizes=\"auto, (max-width: 500px) 100vw, 500px\" \/><\/a><\/p>\n<p>O Bahia afastou o meia \u00cdndio Ram\u00edrez das atividades do elenco ap\u00f3s a\u00a0<a href=\"https:\/\/www.correio24horas.com.br\/noticia\/nid\/gerson-acusa-ramirez-do-bahia-de-racismo-cala-a-boca-negro\/\">den\u00fancia de racismo feita pelo meia Gerson<\/a>, do Flamengo. O flamenguista afirmou que, durante a partida que terminou<a href=\"https:\/\/www.correio24horas.com.br\/noticia\/nid\/apos-derrota-para-o-flamengo-mano-menezes-e-demitido-do-bahia\/\">\u00a04&#215;3 para o time carioca<\/a>, o jogador tricolor disse a ele: \u201cCala a boca, negro\u201d.<\/p>\n<p class=\"bodytext\">Em nota, o clube afirmou que Ram\u00edrez nega a acusa\u00e7\u00e3o. No entanto, justificou o afastamento do colombiano com a alega\u00e7\u00e3o de que \u201c\u00e9 indispens\u00e1vel, imprescind\u00edvel e fundamental que a voz da v\u00edtima seja preponderante em casos desta natureza\u201d.<\/p>\n<p class=\"bodytext\">Juan Pablo Ram\u00edrez, o \u00cdndio Ram\u00edrez como \u00e9 chamado, foi contratado pelo Bahia em novembro, por empr\u00e9stimo do Atl\u00e9tico Nacional, da Col\u00f4mbia. Ele far\u00e1 23 anos no pr\u00f3ximo s\u00e1bado (26) e tem v\u00ednculo com o Esquadr\u00e3o at\u00e9 dezembro de 2021. <em>\/\/Correio<\/em><\/p>\n","protected":false},"excerpt":{"rendered":"<p>O Bahia afastou o meia \u00cdndio Ram\u00edrez das atividades do elenco ap\u00f3s a\u00a0den\u00fancia de racismo feita pelo meia Gerson, do Flamengo. O flamenguista afirmou que, durante a partida que terminou\u00a04&#215;3 para o time carioca, o jogador tricolor disse a ele: \u201cCala a boca, negro\u201d. Em nota, o clube afirmou que Ram\u00edrez nega a acusa\u00e7\u00e3o. No [&hellip;]<\/p>\n","protected":false},"author":2,"featured_media":92075,"comment_status":"open","ping_status":"open","sticky":false,"template":"","format":"standard","meta":{"footnotes":"","_links_to":"","_links_to_target":""},"categories":[1],"tags":[],"class_list":["post-92073","post","type-post","status-publish","format-standard","has-post-thumbnail","hentry","category-geral"],"views":806,"_links":{"self":[{"href":"https:\/\/www.sudoestehoje.com.br\/novoportal\/wp-json\/wp\/v2\/posts\/92073","targetHints":{"allow":["GET"]}}],"collection":[{"href":"https:\/\/www.sudoestehoje.com.br\/novoportal\/wp-json\/wp\/v2\/posts"}],"about":[{"href":"https:\/\/www.sudoestehoje.com.br\/novoportal\/wp-json\/wp\/v2\/types\/post"}],"author":[{"embeddable":true,"href":"https:\/\/www.sudoestehoje.com.br\/novoportal\/wp-json\/wp\/v2\/users\/2"}],"replies":[{"embeddable":true,"href":"https:\/\/www.sudoestehoje.com.br\/novoportal\/wp-json\/wp\/v2\/comments?post=92073"}],"version-history":[{"count":2,"href":"https:\/\/www.sudoestehoje.com.br\/novoportal\/wp-json\/wp\/v2\/posts\/92073\/revisions"}],"predecessor-version":[{"id":92076,"href":"https:\/\/www.sudoestehoje.com.br\/novoportal\/wp-json\/wp\/v2\/posts\/92073\/revisions\/92076"}],"wp:featuredmedia":[{"embeddable":true,"href":"https:\/\/www.sudoestehoje.com.br\/novoportal\/wp-json\/wp\/v2\/media\/92075"}],"wp:attachment":[{"href":"https:\/\/www.sudoestehoje.com.br\/novoportal\/wp-json\/wp\/v2\/media?parent=92073"}],"wp:term":[{"taxonomy":"category","embeddable":true,"href":"https:\/\/www.sudoestehoje.com.br\/novoportal\/wp-json\/wp\/v2\/categories?post=92073"},{"taxonomy":"post_tag","embeddable":true,"href":"https:\/\/www.sudoestehoje.com.br\/novoportal\/wp-json\/wp\/v2\/tags?post=92073"}],"curies":[{"name":"wp","href":"https:\/\/api.w.org\/{rel}","templated":true}]}}