
{"id":92058,"date":"2020-12-19T18:58:43","date_gmt":"2020-12-19T21:58:43","guid":{"rendered":"https:\/\/www.sudoestehoje.com.br\/novoportal\/?p=92058"},"modified":"2020-12-19T18:58:43","modified_gmt":"2020-12-19T21:58:43","slug":"stf-decide-que-vacina-contra-coronavirus-e-obrigatoria-para-toda-populacao","status":"publish","type":"post","link":"https:\/\/www.sudoestehoje.com.br\/novoportal\/2020\/12\/19\/stf-decide-que-vacina-contra-coronavirus-e-obrigatoria-para-toda-populacao\/","title":{"rendered":"STF DECIDE QUE VACINA CONTRA CORONAV\u00cdRUS \u00c9 OBRIGAT\u00d3RIA PARA TODA POPULA\u00c7\u00c3O"},"content":{"rendered":"<p><a href=\"https:\/\/www.sudoestehoje.com.br\/novoportal\/wp-content\/uploads\/2020\/12\/vacinaccca7acc83o-obrigatoria-1-750x440-1.jpg\"><img loading=\"lazy\" decoding=\"async\" class=\"aligncenter size-medium wp-image-92061\" src=\"https:\/\/www.sudoestehoje.com.br\/novoportal\/wp-content\/uploads\/2020\/12\/vacinaccca7acc83o-obrigatoria-1-750x440-1-500x293.jpg\" alt=\"\" width=\"500\" height=\"293\" srcset=\"https:\/\/www.sudoestehoje.com.br\/novoportal\/wp-content\/uploads\/2020\/12\/vacinaccca7acc83o-obrigatoria-1-750x440-1-500x293.jpg 500w, https:\/\/www.sudoestehoje.com.br\/novoportal\/wp-content\/uploads\/2020\/12\/vacinaccca7acc83o-obrigatoria-1-750x440-1-700x411.jpg 700w, https:\/\/www.sudoestehoje.com.br\/novoportal\/wp-content\/uploads\/2020\/12\/vacinaccca7acc83o-obrigatoria-1-750x440-1.jpg 750w\" sizes=\"auto, (max-width: 500px) 100vw, 500px\" \/><\/a><\/p>\n<p>O Supremo Tribunal Federal (STF) deu aval para que os governos locais possam estabelecer medidas para vacina\u00e7\u00e3o compuls\u00f3ria da popula\u00e7\u00e3o contra a Covid-19. Conforme o entendimento, a Uni\u00e3o, os estados e os munic\u00edpios podem estabelecer medidas legais pela obrigatoriedade, mas n\u00e3o podem determinar a vacina\u00e7\u00e3o for\u00e7ada.<\/p>\n<p>Nenhuma lei afirma que o cidad\u00e3o seja levado \u00e0 for\u00e7a para tomar a vacina, mas a eventual norma poder\u00e1 prever a restri\u00e7\u00e3o de direitos pela falta de comprova\u00e7\u00e3o da vacina\u00e7\u00e3o, como <strong>deixar de receber um benef\u00edcio, ser proibido de entrar em algum lugar ou ser impedido de realizar matr\u00edcula escolar na rede p\u00fablica de ensino.\u00a0<\/strong><\/p>\n<p>O caso foi julgado de forma preventiva. At\u00e9 o momento, nenhum dos laborat\u00f3rios que desenvolvem a vacina contra o novo coronav\u00edrus pediu autoriza\u00e7\u00e3o da Ag\u00eancia Nacional de Vigil\u00e2ncia Sanit\u00e1ria (Anvisa) para comercializa\u00e7\u00e3o do produto<\/p>\n","protected":false},"excerpt":{"rendered":"<p>O Supremo Tribunal Federal (STF) deu aval para que os governos locais possam estabelecer medidas para vacina\u00e7\u00e3o compuls\u00f3ria da popula\u00e7\u00e3o contra a Covid-19. Conforme o entendimento, a Uni\u00e3o, os estados e os munic\u00edpios podem estabelecer medidas legais pela obrigatoriedade, mas n\u00e3o podem determinar a vacina\u00e7\u00e3o for\u00e7ada. Nenhuma lei afirma que o cidad\u00e3o seja levado \u00e0 [&hellip;]<\/p>\n","protected":false},"author":2,"featured_media":92061,"comment_status":"open","ping_status":"open","sticky":false,"template":"","format":"standard","meta":{"footnotes":"","_links_to":"","_links_to_target":""},"categories":[1],"tags":[],"class_list":["post-92058","post","type-post","status-publish","format-standard","has-post-thumbnail","hentry","category-geral"],"views":914,"_links":{"self":[{"href":"https:\/\/www.sudoestehoje.com.br\/novoportal\/wp-json\/wp\/v2\/posts\/92058","targetHints":{"allow":["GET"]}}],"collection":[{"href":"https:\/\/www.sudoestehoje.com.br\/novoportal\/wp-json\/wp\/v2\/posts"}],"about":[{"href":"https:\/\/www.sudoestehoje.com.br\/novoportal\/wp-json\/wp\/v2\/types\/post"}],"author":[{"embeddable":true,"href":"https:\/\/www.sudoestehoje.com.br\/novoportal\/wp-json\/wp\/v2\/users\/2"}],"replies":[{"embeddable":true,"href":"https:\/\/www.sudoestehoje.com.br\/novoportal\/wp-json\/wp\/v2\/comments?post=92058"}],"version-history":[{"count":3,"href":"https:\/\/www.sudoestehoje.com.br\/novoportal\/wp-json\/wp\/v2\/posts\/92058\/revisions"}],"predecessor-version":[{"id":92062,"href":"https:\/\/www.sudoestehoje.com.br\/novoportal\/wp-json\/wp\/v2\/posts\/92058\/revisions\/92062"}],"wp:featuredmedia":[{"embeddable":true,"href":"https:\/\/www.sudoestehoje.com.br\/novoportal\/wp-json\/wp\/v2\/media\/92061"}],"wp:attachment":[{"href":"https:\/\/www.sudoestehoje.com.br\/novoportal\/wp-json\/wp\/v2\/media?parent=92058"}],"wp:term":[{"taxonomy":"category","embeddable":true,"href":"https:\/\/www.sudoestehoje.com.br\/novoportal\/wp-json\/wp\/v2\/categories?post=92058"},{"taxonomy":"post_tag","embeddable":true,"href":"https:\/\/www.sudoestehoje.com.br\/novoportal\/wp-json\/wp\/v2\/tags?post=92058"}],"curies":[{"name":"wp","href":"https:\/\/api.w.org\/{rel}","templated":true}]}}