
{"id":92050,"date":"2020-12-19T09:05:14","date_gmt":"2020-12-19T12:05:14","guid":{"rendered":"https:\/\/www.sudoestehoje.com.br\/novoportal\/?p=92050"},"modified":"2020-12-19T09:07:35","modified_gmt":"2020-12-19T12:07:35","slug":"lutomorre-em-conquista-o-engenheiro-e-empresario-aliomar-coelho","status":"publish","type":"post","link":"https:\/\/www.sudoestehoje.com.br\/novoportal\/2020\/12\/19\/lutomorre-em-conquista-o-engenheiro-e-empresario-aliomar-coelho\/","title":{"rendered":"LUTO:MORRE EM CONQUISTA O ENGENHEIRO E EMPRES\u00c1RIO ALIOMAR COELHO"},"content":{"rendered":"<p><a href=\"https:\/\/www.sudoestehoje.com.br\/novoportal\/wp-content\/uploads\/2020\/12\/aliomar.jpg\"><img loading=\"lazy\" decoding=\"async\" class=\"aligncenter wp-image-92052\" src=\"https:\/\/www.sudoestehoje.com.br\/novoportal\/wp-content\/uploads\/2020\/12\/aliomar.jpg\" alt=\"\" width=\"500\" height=\"333\" \/><\/a><\/p>\n<p>Faleceu, em Vit\u00f3ria da Conquista o engenheiro, empres\u00e1rio e pecuarista ALIOMAR COELHO DOS SANTOS, de causas naturais, aos 93 anos.<\/p>\n<p>Aliomar Coelho morava em Vit\u00f3ria da Conquista, mas era pecuarista em Itapetinga e foi o fundador e propriet\u00e1rio da antiga Someve, uma das primeiras concession\u00e1rias de autom\u00f3veis no munic\u00edpio.<\/p>\n<p>Durante o governo de Valdir Pires, Aliomar ocupou o cargo de Diretor Geral do Derba e prestou relevantes servi\u00e7os ao Estado, dando manuten\u00e7\u00e3o \u00e0s rodovias da Bahia, com enorme efici\u00eancia.<\/p>\n<p>O corpo foi sepultado na tarde desta sexta-feira (18), no Cemit\u00e9rio da Saudade, em Vit\u00f3ria da Conquista.<\/p>\n<p>O<em> Sudoeste Hoje<\/em> lamenta a perda do amigo do nosso munic\u00edpio e manifesta o seu pesar \u00e0 fam\u00edlia enlutada.<\/p>\n<p><strong><em>Davi Ferraz &#8211; Editor<\/em><\/strong><\/p>\n","protected":false},"excerpt":{"rendered":"<p>Faleceu, em Vit\u00f3ria da Conquista o engenheiro, empres\u00e1rio e pecuarista ALIOMAR COELHO DOS SANTOS, de causas naturais, aos 93 anos. Aliomar Coelho morava em Vit\u00f3ria da Conquista, mas era pecuarista em Itapetinga e foi o fundador e propriet\u00e1rio da antiga Someve, uma das primeiras concession\u00e1rias de autom\u00f3veis no munic\u00edpio. Durante o governo de Valdir Pires, [&hellip;]<\/p>\n","protected":false},"author":2,"featured_media":92052,"comment_status":"open","ping_status":"open","sticky":false,"template":"","format":"standard","meta":{"footnotes":"","_links_to":"","_links_to_target":""},"categories":[1],"tags":[],"class_list":["post-92050","post","type-post","status-publish","format-standard","has-post-thumbnail","hentry","category-geral"],"views":1531,"_links":{"self":[{"href":"https:\/\/www.sudoestehoje.com.br\/novoportal\/wp-json\/wp\/v2\/posts\/92050","targetHints":{"allow":["GET"]}}],"collection":[{"href":"https:\/\/www.sudoestehoje.com.br\/novoportal\/wp-json\/wp\/v2\/posts"}],"about":[{"href":"https:\/\/www.sudoestehoje.com.br\/novoportal\/wp-json\/wp\/v2\/types\/post"}],"author":[{"embeddable":true,"href":"https:\/\/www.sudoestehoje.com.br\/novoportal\/wp-json\/wp\/v2\/users\/2"}],"replies":[{"embeddable":true,"href":"https:\/\/www.sudoestehoje.com.br\/novoportal\/wp-json\/wp\/v2\/comments?post=92050"}],"version-history":[{"count":5,"href":"https:\/\/www.sudoestehoje.com.br\/novoportal\/wp-json\/wp\/v2\/posts\/92050\/revisions"}],"predecessor-version":[{"id":92056,"href":"https:\/\/www.sudoestehoje.com.br\/novoportal\/wp-json\/wp\/v2\/posts\/92050\/revisions\/92056"}],"wp:featuredmedia":[{"embeddable":true,"href":"https:\/\/www.sudoestehoje.com.br\/novoportal\/wp-json\/wp\/v2\/media\/92052"}],"wp:attachment":[{"href":"https:\/\/www.sudoestehoje.com.br\/novoportal\/wp-json\/wp\/v2\/media?parent=92050"}],"wp:term":[{"taxonomy":"category","embeddable":true,"href":"https:\/\/www.sudoestehoje.com.br\/novoportal\/wp-json\/wp\/v2\/categories?post=92050"},{"taxonomy":"post_tag","embeddable":true,"href":"https:\/\/www.sudoestehoje.com.br\/novoportal\/wp-json\/wp\/v2\/tags?post=92050"}],"curies":[{"name":"wp","href":"https:\/\/api.w.org\/{rel}","templated":true}]}}