
{"id":92039,"date":"2020-12-18T08:57:06","date_gmt":"2020-12-18T11:57:06","guid":{"rendered":"https:\/\/www.sudoestehoje.com.br\/novoportal\/?p=92039"},"modified":"2020-12-18T09:03:08","modified_gmt":"2020-12-18T12:03:08","slug":"firmino-alves-populacao-fecha-ba-263-contra-decisao-judicial-que-impede-prefeito-eleito-de-ser-diplomado-e-empossado","status":"publish","type":"post","link":"https:\/\/www.sudoestehoje.com.br\/novoportal\/2020\/12\/18\/firmino-alves-populacao-fecha-ba-263-contra-decisao-judicial-que-impede-prefeito-eleito-de-ser-diplomado-e-empossado\/","title":{"rendered":"FIRMINO ALVES: POPULA\u00c7\u00c3O FECHA BA-263 CONTRA DECIS\u00c3O JUDICIAL QUE IMPEDE PREFEITO ELEITO DE SER DIPLOMADO E EMPOSSADO"},"content":{"rendered":"<p><a href=\"https:\/\/www.sudoestehoje.com.br\/novoportal\/wp-content\/uploads\/2020\/12\/firmino-alves-3.jpeg\"><img loading=\"lazy\" decoding=\"async\" class=\"aligncenter size-medium wp-image-92044\" src=\"https:\/\/www.sudoestehoje.com.br\/novoportal\/wp-content\/uploads\/2020\/12\/firmino-alves-3-500x342.jpeg\" alt=\"\" width=\"500\" height=\"342\" srcset=\"https:\/\/www.sudoestehoje.com.br\/novoportal\/wp-content\/uploads\/2020\/12\/firmino-alves-3-500x342.jpeg 500w, https:\/\/www.sudoestehoje.com.br\/novoportal\/wp-content\/uploads\/2020\/12\/firmino-alves-3-700x479.jpeg 700w, https:\/\/www.sudoestehoje.com.br\/novoportal\/wp-content\/uploads\/2020\/12\/firmino-alves-3.jpeg 754w\" sizes=\"auto, (max-width: 500px) 100vw, 500px\" \/><\/a><\/p>\n<p>Uma grande parte da popula\u00e7\u00e3o do munic\u00edpio de Firmino Alves realiza, na manh\u00e3 desta sexta-feira (18), um protesto contra uma decis\u00e3o do TRE que impediu a diploma\u00e7\u00e3o e posse do prefeito eleito Padre Agnaldo (PDT), por conta de contas reprovadas pela C\u00e2mara de Vereadores.<a href=\"https:\/\/www.sudoestehoje.com.br\/novoportal\/wp-content\/uploads\/2020\/12\/firmino-alves-1.jpeg\"><img loading=\"lazy\" decoding=\"async\" class=\"aligncenter size-medium wp-image-92042\" src=\"https:\/\/www.sudoestehoje.com.br\/novoportal\/wp-content\/uploads\/2020\/12\/firmino-alves-1-500x265.jpeg\" alt=\"\" width=\"500\" height=\"265\" srcset=\"https:\/\/www.sudoestehoje.com.br\/novoportal\/wp-content\/uploads\/2020\/12\/firmino-alves-1-500x265.jpeg 500w, https:\/\/www.sudoestehoje.com.br\/novoportal\/wp-content\/uploads\/2020\/12\/firmino-alves-1-700x371.jpeg 700w, https:\/\/www.sudoestehoje.com.br\/novoportal\/wp-content\/uploads\/2020\/12\/firmino-alves-1-768x407.jpeg 768w, https:\/\/www.sudoestehoje.com.br\/novoportal\/wp-content\/uploads\/2020\/12\/firmino-alves-1.jpeg 1080w\" sizes=\"auto, (max-width: 500px) 100vw, 500px\" \/><\/a><\/p>\n<p>Os manifestantes sa\u00edram em caminhada e carreata pelas ruas da cidade e interditaram a BA-263, com queima de pneus, no trecho entre Firmino Alves e Itoror\u00f3, no M\u00e9dio Sudoeste do estado.<\/p>\n<p>Durante a semana o prefeito eleito chegou a divulgar uma liminar de uma desembargadora do TRE autorizando a sua diploma\u00e7\u00e3o, mas uma outra decis\u00e3o judicial acabou revogando essa autoriza\u00e7\u00e3o.<\/p>\n<p><a href=\"https:\/\/www.sudoestehoje.com.br\/novoportal\/wp-content\/uploads\/2020\/12\/firmino-alves-2.jpeg\"><img loading=\"lazy\" decoding=\"async\" class=\"aligncenter size-medium wp-image-92043\" src=\"https:\/\/www.sudoestehoje.com.br\/novoportal\/wp-content\/uploads\/2020\/12\/firmino-alves-2-500x230.jpeg\" alt=\"\" width=\"500\" height=\"230\" srcset=\"https:\/\/www.sudoestehoje.com.br\/novoportal\/wp-content\/uploads\/2020\/12\/firmino-alves-2-500x230.jpeg 500w, https:\/\/www.sudoestehoje.com.br\/novoportal\/wp-content\/uploads\/2020\/12\/firmino-alves-2-700x323.jpeg 700w, https:\/\/www.sudoestehoje.com.br\/novoportal\/wp-content\/uploads\/2020\/12\/firmino-alves-2-768x354.jpeg 768w, https:\/\/www.sudoestehoje.com.br\/novoportal\/wp-content\/uploads\/2020\/12\/firmino-alves-2.jpeg 1280w\" sizes=\"auto, (max-width: 500px) 100vw, 500px\" \/><\/a><\/p>\n<p>O candidato eleito aguarda agora uma outra decis\u00e3o do STF, para receber a diploma\u00e7\u00e3o e tomar posse como gestor do munic\u00edpio.<\/p>\n<p>A pista na BA-263 continua interditada para quem trafega entre o Sudoeste e Sul da Bahia, de Vit\u00f3ria da Conquista at\u00e9 Itabuna.<\/p>\n<p><em><strong>Por Davi Ferraz<\/strong>\u00a0<\/em><\/p>\n","protected":false},"excerpt":{"rendered":"<p>Uma grande parte da popula\u00e7\u00e3o do munic\u00edpio de Firmino Alves realiza, na manh\u00e3 desta sexta-feira (18), um protesto contra uma decis\u00e3o do TRE que impediu a diploma\u00e7\u00e3o e posse do prefeito eleito Padre Agnaldo (PDT), por conta de contas reprovadas pela C\u00e2mara de Vereadores. Os manifestantes sa\u00edram em caminhada e carreata pelas ruas da cidade [&hellip;]<\/p>\n","protected":false},"author":2,"featured_media":92044,"comment_status":"open","ping_status":"open","sticky":false,"template":"","format":"standard","meta":{"footnotes":"","_links_to":"","_links_to_target":""},"categories":[1],"tags":[],"class_list":["post-92039","post","type-post","status-publish","format-standard","has-post-thumbnail","hentry","category-geral"],"views":1794,"_links":{"self":[{"href":"https:\/\/www.sudoestehoje.com.br\/novoportal\/wp-json\/wp\/v2\/posts\/92039","targetHints":{"allow":["GET"]}}],"collection":[{"href":"https:\/\/www.sudoestehoje.com.br\/novoportal\/wp-json\/wp\/v2\/posts"}],"about":[{"href":"https:\/\/www.sudoestehoje.com.br\/novoportal\/wp-json\/wp\/v2\/types\/post"}],"author":[{"embeddable":true,"href":"https:\/\/www.sudoestehoje.com.br\/novoportal\/wp-json\/wp\/v2\/users\/2"}],"replies":[{"embeddable":true,"href":"https:\/\/www.sudoestehoje.com.br\/novoportal\/wp-json\/wp\/v2\/comments?post=92039"}],"version-history":[{"count":5,"href":"https:\/\/www.sudoestehoje.com.br\/novoportal\/wp-json\/wp\/v2\/posts\/92039\/revisions"}],"predecessor-version":[{"id":92048,"href":"https:\/\/www.sudoestehoje.com.br\/novoportal\/wp-json\/wp\/v2\/posts\/92039\/revisions\/92048"}],"wp:featuredmedia":[{"embeddable":true,"href":"https:\/\/www.sudoestehoje.com.br\/novoportal\/wp-json\/wp\/v2\/media\/92044"}],"wp:attachment":[{"href":"https:\/\/www.sudoestehoje.com.br\/novoportal\/wp-json\/wp\/v2\/media?parent=92039"}],"wp:term":[{"taxonomy":"category","embeddable":true,"href":"https:\/\/www.sudoestehoje.com.br\/novoportal\/wp-json\/wp\/v2\/categories?post=92039"},{"taxonomy":"post_tag","embeddable":true,"href":"https:\/\/www.sudoestehoje.com.br\/novoportal\/wp-json\/wp\/v2\/tags?post=92039"}],"curies":[{"name":"wp","href":"https:\/\/api.w.org\/{rel}","templated":true}]}}