
{"id":92030,"date":"2020-12-17T18:40:34","date_gmt":"2020-12-17T21:40:34","guid":{"rendered":"https:\/\/www.sudoestehoje.com.br\/novoportal\/?p=92030"},"modified":"2020-12-17T18:40:34","modified_gmt":"2020-12-17T21:40:34","slug":"maioria-do-stf-vota-por-medidas-restritivas-para-quem-nao-se-vacinar-contra-a-covid-19","status":"publish","type":"post","link":"https:\/\/www.sudoestehoje.com.br\/novoportal\/2020\/12\/17\/maioria-do-stf-vota-por-medidas-restritivas-para-quem-nao-se-vacinar-contra-a-covid-19\/","title":{"rendered":"MAIORIA DO STF VOTA POR MEDIDAS RESTRITIVAS PARA QUEM N\u00c3O SE VACINAR CONTRA A COVID-19"},"content":{"rendered":"<div class=\"mc-column content-text active-extra-styles active-capital-letter\" data-block-type=\"unstyled\" data-block-weight=\"31\" data-block-id=\"1\">\n<p data-track-category=\"Link no Texto\" data-track-links=\"\"><a href=\"https:\/\/www.sudoestehoje.com.br\/novoportal\/wp-content\/uploads\/2020\/12\/VACINA-OBRIGAT\u00d3RIA.jpg\"><img loading=\"lazy\" decoding=\"async\" class=\"aligncenter size-medium wp-image-92032\" src=\"https:\/\/www.sudoestehoje.com.br\/novoportal\/wp-content\/uploads\/2020\/12\/VACINA-OBRIGAT\u00d3RIA-500x350.jpg\" alt=\"\" width=\"500\" height=\"350\" srcset=\"https:\/\/www.sudoestehoje.com.br\/novoportal\/wp-content\/uploads\/2020\/12\/VACINA-OBRIGAT\u00d3RIA-500x350.jpg 500w, https:\/\/www.sudoestehoje.com.br\/novoportal\/wp-content\/uploads\/2020\/12\/VACINA-OBRIGAT\u00d3RIA-700x489.jpg 700w, https:\/\/www.sudoestehoje.com.br\/novoportal\/wp-content\/uploads\/2020\/12\/VACINA-OBRIGAT\u00d3RIA-768x537.jpg 768w, https:\/\/www.sudoestehoje.com.br\/novoportal\/wp-content\/uploads\/2020\/12\/VACINA-OBRIGAT\u00d3RIA.jpg 1024w\" sizes=\"auto, (max-width: 500px) 100vw, 500px\" \/><\/a><\/p>\n<p class=\"content-text__container theme-color-primary-first-letter\" data-track-category=\"Link no Texto\" data-track-links=\"\">O\u00a0Supremo Tribunal Federal (STF)\u00a0formou maioria de votos nesta quinta-feira (17) a favor da aplica\u00e7\u00e3o de medidas restritivas para quem se recusar a se vacinar contra a\u00a0Covid-19.<\/p>\n<\/div>\n<div class=\"wall protected-content\">\n<div class=\"mc-column content-text active-extra-styles \" data-block-type=\"unstyled\" data-block-weight=\"32\" data-block-id=\"2\">\n<p class=\"content-text__container \" data-track-category=\"Link no Texto\" data-track-links=\"\">O\u00a0plen\u00e1rio come\u00e7ou a analisar nesta quarta-feira duas a\u00e7\u00f5es\u00a0que tratam da possibilidade de os governos federal, estaduais e municipais decidirem sobre a vacina\u00e7\u00e3o compuls\u00f3ria da popula\u00e7\u00e3o contra a Covid.<\/p>\n<\/div>\n<div class=\"mc-column content-text active-extra-styles \" data-block-type=\"unstyled\" data-block-weight=\"40\" data-block-id=\"3\">\n<p class=\"content-text__container \" data-track-category=\"Link no Texto\" data-track-links=\"\">A maioria seguiu o\u00a0entendimento do relator, ministro Ricardo Lewandowski, que votou a favor da aplica\u00e7\u00e3o de medidas restritivas contra quem se recusar a se vacinar, decorrentes de lei. At\u00e9 a \u00faltima atualiza\u00e7\u00e3o desta reportagem, o julgamento n\u00e3o tinha terminado.<\/p>\n<\/div>\n<div class=\"mc-column content-text active-extra-styles \" data-block-type=\"unstyled\" data-block-weight=\"24\" data-block-id=\"4\">\n<p class=\"content-text__container \" data-track-category=\"Link no Texto\" data-track-links=\"\">Para a maioria dos ministros, a vacina\u00e7\u00e3o obrigat\u00f3ria n\u00e3o significa a vacina\u00e7\u00e3o &#8220;for\u00e7ada&#8221; da popula\u00e7\u00e3o, que n\u00e3o pode ser coagida a se vacinar.<\/p>\n<\/div>\n<div class=\"mc-column content-text active-extra-styles \" data-block-type=\"unstyled\" data-block-weight=\"20\" data-block-id=\"5\">\n<p class=\"content-text__container \" data-track-category=\"Link no Texto\" data-track-links=\"\">No mesmo julgamento, a\u00a0maioria dos ministros tamb\u00e9m rejeitou recurso com o objetivo de desobrigar pais de vacinarem os filhos.<\/p>\n<\/div>\n<\/div>\n","protected":false},"excerpt":{"rendered":"<p>O\u00a0Supremo Tribunal Federal (STF)\u00a0formou maioria de votos nesta quinta-feira (17) a favor da aplica\u00e7\u00e3o de medidas restritivas para quem se recusar a se vacinar contra a\u00a0Covid-19. O\u00a0plen\u00e1rio come\u00e7ou a analisar nesta quarta-feira duas a\u00e7\u00f5es\u00a0que tratam da possibilidade de os governos federal, estaduais e municipais decidirem sobre a vacina\u00e7\u00e3o compuls\u00f3ria da popula\u00e7\u00e3o contra a Covid. A [&hellip;]<\/p>\n","protected":false},"author":2,"featured_media":92032,"comment_status":"open","ping_status":"open","sticky":false,"template":"","format":"standard","meta":{"footnotes":"","_links_to":"","_links_to_target":""},"categories":[1],"tags":[],"class_list":["post-92030","post","type-post","status-publish","format-standard","has-post-thumbnail","hentry","category-geral"],"views":941,"_links":{"self":[{"href":"https:\/\/www.sudoestehoje.com.br\/novoportal\/wp-json\/wp\/v2\/posts\/92030","targetHints":{"allow":["GET"]}}],"collection":[{"href":"https:\/\/www.sudoestehoje.com.br\/novoportal\/wp-json\/wp\/v2\/posts"}],"about":[{"href":"https:\/\/www.sudoestehoje.com.br\/novoportal\/wp-json\/wp\/v2\/types\/post"}],"author":[{"embeddable":true,"href":"https:\/\/www.sudoestehoje.com.br\/novoportal\/wp-json\/wp\/v2\/users\/2"}],"replies":[{"embeddable":true,"href":"https:\/\/www.sudoestehoje.com.br\/novoportal\/wp-json\/wp\/v2\/comments?post=92030"}],"version-history":[{"count":2,"href":"https:\/\/www.sudoestehoje.com.br\/novoportal\/wp-json\/wp\/v2\/posts\/92030\/revisions"}],"predecessor-version":[{"id":92033,"href":"https:\/\/www.sudoestehoje.com.br\/novoportal\/wp-json\/wp\/v2\/posts\/92030\/revisions\/92033"}],"wp:featuredmedia":[{"embeddable":true,"href":"https:\/\/www.sudoestehoje.com.br\/novoportal\/wp-json\/wp\/v2\/media\/92032"}],"wp:attachment":[{"href":"https:\/\/www.sudoestehoje.com.br\/novoportal\/wp-json\/wp\/v2\/media?parent=92030"}],"wp:term":[{"taxonomy":"category","embeddable":true,"href":"https:\/\/www.sudoestehoje.com.br\/novoportal\/wp-json\/wp\/v2\/categories?post=92030"},{"taxonomy":"post_tag","embeddable":true,"href":"https:\/\/www.sudoestehoje.com.br\/novoportal\/wp-json\/wp\/v2\/tags?post=92030"}],"curies":[{"name":"wp","href":"https:\/\/api.w.org\/{rel}","templated":true}]}}