
{"id":92025,"date":"2020-12-17T18:17:00","date_gmt":"2020-12-17T21:17:00","guid":{"rendered":"https:\/\/www.sudoestehoje.com.br\/novoportal\/?p=92025"},"modified":"2020-12-17T18:17:00","modified_gmt":"2020-12-17T21:17:00","slug":"ibicui-e-escolhida-como-plano-piloto-de-saneamento-basico-entre-417-municipios-baianos","status":"publish","type":"post","link":"https:\/\/www.sudoestehoje.com.br\/novoportal\/2020\/12\/17\/ibicui-e-escolhida-como-plano-piloto-de-saneamento-basico-entre-417-municipios-baianos\/","title":{"rendered":"IBICU\u00cd \u00c9 ESCOLHIDA COMO PLANO PILOTO DE SANEAMENTO B\u00c1SICO ENTRE 417 MUNIC\u00cdPIOS BAIANOS"},"content":{"rendered":"<p><a href=\"https:\/\/www.sudoestehoje.com.br\/novoportal\/wp-content\/uploads\/2020\/12\/MARCOS-GALV\u00c3O-1.jpeg\"><img loading=\"lazy\" decoding=\"async\" class=\"aligncenter size-medium wp-image-92027\" src=\"https:\/\/www.sudoestehoje.com.br\/novoportal\/wp-content\/uploads\/2020\/12\/MARCOS-GALV\u00c3O-1-500x333.jpeg\" alt=\"\" width=\"500\" height=\"333\" srcset=\"https:\/\/www.sudoestehoje.com.br\/novoportal\/wp-content\/uploads\/2020\/12\/MARCOS-GALV\u00c3O-1-500x333.jpeg 500w, https:\/\/www.sudoestehoje.com.br\/novoportal\/wp-content\/uploads\/2020\/12\/MARCOS-GALV\u00c3O-1-700x466.jpeg 700w, https:\/\/www.sudoestehoje.com.br\/novoportal\/wp-content\/uploads\/2020\/12\/MARCOS-GALV\u00c3O-1-768x512.jpeg 768w, https:\/\/www.sudoestehoje.com.br\/novoportal\/wp-content\/uploads\/2020\/12\/MARCOS-GALV\u00c3O-1.jpeg 1280w\" sizes=\"auto, (max-width: 500px) 100vw, 500px\" \/><\/a><\/p>\n<p>Na tarde desta quarta-feira, 16\/12, aconteceu a audi\u00eancia final referente ao Plano Municipal de Saneamento B\u00e1sico de Ibicu\u00ed, projeto firmado em parceria com a Funda\u00e7\u00e3o Nacional de Sa\u00fade (FUNASA) e o Instituto Federal de Educa\u00e7\u00e3o, Ci\u00eancia e Tecnologia da Bahia (IFBA).<\/p>\n<p>De acordo com a legisla\u00e7\u00e3o, todo munic\u00edpio deveria elaborar um Plano Municipal de Saneamento B\u00e1sico (PMSB), a fim de verificar as necessidades e defici\u00eancias relacionadas a este quesito, mas apenas 31% dos munic\u00edpios brasileiros possuem o PMSB.<\/p>\n<p>Das 417 cidades baianas, Ibicu\u00ed foi selecionada, junto a outros 50 munic\u00edpios, para receber o investimento da FUNASA, por meio de termo em coopera\u00e7\u00e3o com o IFBA e, nessa sele\u00e7\u00e3o, o PMSB de Ibicu\u00ed foi considerado como projeto piloto, contemplando, de forma bem estruturada, os quatros servi\u00e7os essenciais do saneamento b\u00e1sico: Abastecimento de \u00c1gua Pot\u00e1vel, Esgotamento Sanit\u00e1rio, Manejo de Res\u00edduos S\u00f3lidos e Drenagem das \u00c1guas Pluviais.<\/p>\n<p>Com o projeto apresentado hoje, em mesa virtual, composta por representantes do IFBA, FUNASA, PISA, Comit\u00eas, e aberta a toda popula\u00e7\u00e3o, via transmiss\u00e3o ao vivo no Facebook, o prefeito reeleito comemora mais um momento importante para a cidade: \u201cS\u00f3 a oportunidade de estar entregando este plano j\u00e1 nos orgulha. Nosso desejo \u00e9 que, a partir dele, Ibicu\u00ed passe a ser refer\u00eancia n\u00e3o s\u00f3 pelo S\u00e3o Jo\u00e3o, mas, tamb\u00e9m, pelo desenvolvimento sustent\u00e1vel\u201d, comentou.<\/p>\n<p>Passada a audi\u00eancia final, o PSMB de Ibicu\u00ed ser\u00e1 encaminhado, agora, para a C\u00e2mara de Vereadores. Se aprovado, as a\u00e7\u00f5es ser\u00e3o executadas em prazo imediato, dando resultados de forma progressiva.<\/p>\n<p>O prefeito segue confiante: \u201cEsse investimento mudar\u00e1 a hist\u00f3ria do nosso munic\u00edpio. Iremos universalizar o acesso ao saneamento por toda a sede, distritos e zona rural. Com a confian\u00e7a que temos em nosso bom Deus, vamos conseguir\u201d, finalizou.<\/p>\n<p>Se bem executado, o planejamento \u00e9 capaz de promover a seguran\u00e7a h\u00eddrica, prevenir doen\u00e7as, reduzir as desigualdades sociais, preservar o meio ambiente, reduzir acidentes ambientais e desenvolver economicamente o munic\u00edpio.<strong><em> \/\/Ascom<\/em><\/strong><\/p>\n","protected":false},"excerpt":{"rendered":"<p>Na tarde desta quarta-feira, 16\/12, aconteceu a audi\u00eancia final referente ao Plano Municipal de Saneamento B\u00e1sico de Ibicu\u00ed, projeto firmado em parceria com a Funda\u00e7\u00e3o Nacional de Sa\u00fade (FUNASA) e o Instituto Federal de Educa\u00e7\u00e3o, Ci\u00eancia e Tecnologia da Bahia (IFBA). De acordo com a legisla\u00e7\u00e3o, todo munic\u00edpio deveria elaborar um Plano Municipal de Saneamento [&hellip;]<\/p>\n","protected":false},"author":2,"featured_media":92027,"comment_status":"open","ping_status":"open","sticky":false,"template":"","format":"standard","meta":{"footnotes":"","_links_to":"","_links_to_target":""},"categories":[1],"tags":[],"class_list":["post-92025","post","type-post","status-publish","format-standard","has-post-thumbnail","hentry","category-geral"],"views":953,"_links":{"self":[{"href":"https:\/\/www.sudoestehoje.com.br\/novoportal\/wp-json\/wp\/v2\/posts\/92025","targetHints":{"allow":["GET"]}}],"collection":[{"href":"https:\/\/www.sudoestehoje.com.br\/novoportal\/wp-json\/wp\/v2\/posts"}],"about":[{"href":"https:\/\/www.sudoestehoje.com.br\/novoportal\/wp-json\/wp\/v2\/types\/post"}],"author":[{"embeddable":true,"href":"https:\/\/www.sudoestehoje.com.br\/novoportal\/wp-json\/wp\/v2\/users\/2"}],"replies":[{"embeddable":true,"href":"https:\/\/www.sudoestehoje.com.br\/novoportal\/wp-json\/wp\/v2\/comments?post=92025"}],"version-history":[{"count":3,"href":"https:\/\/www.sudoestehoje.com.br\/novoportal\/wp-json\/wp\/v2\/posts\/92025\/revisions"}],"predecessor-version":[{"id":92029,"href":"https:\/\/www.sudoestehoje.com.br\/novoportal\/wp-json\/wp\/v2\/posts\/92025\/revisions\/92029"}],"wp:featuredmedia":[{"embeddable":true,"href":"https:\/\/www.sudoestehoje.com.br\/novoportal\/wp-json\/wp\/v2\/media\/92027"}],"wp:attachment":[{"href":"https:\/\/www.sudoestehoje.com.br\/novoportal\/wp-json\/wp\/v2\/media?parent=92025"}],"wp:term":[{"taxonomy":"category","embeddable":true,"href":"https:\/\/www.sudoestehoje.com.br\/novoportal\/wp-json\/wp\/v2\/categories?post=92025"},{"taxonomy":"post_tag","embeddable":true,"href":"https:\/\/www.sudoestehoje.com.br\/novoportal\/wp-json\/wp\/v2\/tags?post=92025"}],"curies":[{"name":"wp","href":"https:\/\/api.w.org\/{rel}","templated":true}]}}