
{"id":92017,"date":"2020-12-17T11:33:41","date_gmt":"2020-12-17T14:33:41","guid":{"rendered":"https:\/\/www.sudoestehoje.com.br\/novoportal\/?p=92017"},"modified":"2020-12-17T13:06:07","modified_gmt":"2020-12-17T16:06:07","slug":"itapetinga-prefeito-rodrigo-e-vereadores-sao-diplomados-pela-justica-eleitoral","status":"publish","type":"post","link":"https:\/\/www.sudoestehoje.com.br\/novoportal\/2020\/12\/17\/itapetinga-prefeito-rodrigo-e-vereadores-sao-diplomados-pela-justica-eleitoral\/","title":{"rendered":"ITAPETINGA: PREFEITO RODRIGO E VEREADORES S\u00c3O DIPLOMADOS PELA JUSTI\u00c7A ELEITORAL"},"content":{"rendered":"<p><a href=\"https:\/\/www.sudoestehoje.com.br\/novoportal\/wp-content\/uploads\/2020\/12\/diploma\u00e7\u00e3o-on-line.jpeg\"><img loading=\"lazy\" decoding=\"async\" class=\"aligncenter size-medium wp-image-92018\" src=\"https:\/\/www.sudoestehoje.com.br\/novoportal\/wp-content\/uploads\/2020\/12\/diploma\u00e7\u00e3o-on-line-500x290.jpeg\" alt=\"\" width=\"500\" height=\"290\" srcset=\"https:\/\/www.sudoestehoje.com.br\/novoportal\/wp-content\/uploads\/2020\/12\/diploma\u00e7\u00e3o-on-line-500x290.jpeg 500w, https:\/\/www.sudoestehoje.com.br\/novoportal\/wp-content\/uploads\/2020\/12\/diploma\u00e7\u00e3o-on-line-700x406.jpeg 700w, https:\/\/www.sudoestehoje.com.br\/novoportal\/wp-content\/uploads\/2020\/12\/diploma\u00e7\u00e3o-on-line-768x446.jpeg 768w, https:\/\/www.sudoestehoje.com.br\/novoportal\/wp-content\/uploads\/2020\/12\/diploma\u00e7\u00e3o-on-line.jpeg 1006w\" sizes=\"auto, (max-width: 500px) 100vw, 500px\" \/><\/a><\/p>\n<div class=\"entry-headline h5\">Nesta quinta-feira, 17, o prefeito Rodrigo Hagge e o vice Renan Pereira foram diplomados, mais uma vez, como prefeito e vice prefeito de Itapetinga, al\u00e9m dos 15 vereadores eleitos e reeleitos para o pr\u00f3ximo mandato, que vai de 1\u00ba de Janeiro de 2021 a 31 de dezembro de 2024. A\u00a0cerim\u00f4nia \u00e9 uma formalidade na qual os candidatos eleitos do Executivo e do Legislativo recebem oficialmente o t\u00edtulo que garante que ser\u00e3o empossados nos novos cargos. O evento ocorreu \u00e0s 9:30h, com a presen\u00e7a do Juiz Eleitoral Mario Almeida Neto, em ambiente virtual, atrav\u00e9s da plataforma Zoom.<\/div>\n<div><a href=\"https:\/\/www.sudoestehoje.com.br\/novoportal\/wp-content\/uploads\/2020\/12\/diploma-rodrigo-1.jpeg\"><img loading=\"lazy\" decoding=\"async\" class=\"aligncenter size-medium wp-image-92021\" src=\"https:\/\/www.sudoestehoje.com.br\/novoportal\/wp-content\/uploads\/2020\/12\/diploma-rodrigo-1-500x335.jpeg\" alt=\"\" width=\"500\" height=\"335\" srcset=\"https:\/\/www.sudoestehoje.com.br\/novoportal\/wp-content\/uploads\/2020\/12\/diploma-rodrigo-1-500x335.jpeg 500w, https:\/\/www.sudoestehoje.com.br\/novoportal\/wp-content\/uploads\/2020\/12\/diploma-rodrigo-1-700x469.jpeg 700w, https:\/\/www.sudoestehoje.com.br\/novoportal\/wp-content\/uploads\/2020\/12\/diploma-rodrigo-1-768x515.jpeg 768w, https:\/\/www.sudoestehoje.com.br\/novoportal\/wp-content\/uploads\/2020\/12\/diploma-rodrigo-1.jpeg 1280w\" sizes=\"auto, (max-width: 500px) 100vw, 500px\" \/><\/a><\/div>\n<p>Ao falar em nome de todos os eleitos no \u00faltimo pleito, o prefeito eleito Rodrigo Hagge exaltou a necessidade de fazer jus \u00e0 confian\u00e7a depositada. \u201c\u00c0queles que foram reeleitos, que voc\u00eas se doem ainda mais ao munic\u00edpio. A renova\u00e7\u00e3o da esperan\u00e7a \u00e9 muito importante. A gente tem que abra\u00e7ar com afinco a segunda chance que nos foi dada\u201d, disse Rodrigo ao desejar sorte, tamb\u00e9m, aos eleitos para o primeiro mandato. \u201cQue voc\u00eas fa\u00e7am um mandato trilhado na honestidade, corre\u00e7\u00e3o e bem comum de toda a popula\u00e7\u00e3o. Que a gente possa converter a confian\u00e7a e o carinho do povo em trabalho\u201d, concluiu.<\/p>\n<p><a href=\"https:\/\/www.sudoestehoje.com.br\/novoportal\/wp-content\/uploads\/2020\/12\/diplloma-rodrigo-2.jpeg\"><img loading=\"lazy\" decoding=\"async\" class=\"aligncenter size-medium wp-image-92022\" src=\"https:\/\/www.sudoestehoje.com.br\/novoportal\/wp-content\/uploads\/2020\/12\/diplloma-rodrigo-2-500x333.jpeg\" alt=\"\" width=\"500\" height=\"333\" srcset=\"https:\/\/www.sudoestehoje.com.br\/novoportal\/wp-content\/uploads\/2020\/12\/diplloma-rodrigo-2-500x333.jpeg 500w, https:\/\/www.sudoestehoje.com.br\/novoportal\/wp-content\/uploads\/2020\/12\/diplloma-rodrigo-2-700x466.jpeg 700w, https:\/\/www.sudoestehoje.com.br\/novoportal\/wp-content\/uploads\/2020\/12\/diplloma-rodrigo-2-768x511.jpeg 768w, https:\/\/www.sudoestehoje.com.br\/novoportal\/wp-content\/uploads\/2020\/12\/diplloma-rodrigo-2.jpeg 1280w\" sizes=\"auto, (max-width: 500px) 100vw, 500px\" \/><\/a><\/p>\n<p>Segundo o prefeito eleito Rodrigo Hagge, o momento \u00e9 de celebra\u00e7\u00e3o. \u201c\u00c9 a confirma\u00e7\u00e3o oficial da decis\u00e3o popular, o primeiro passo de uma nova gest\u00e3o de muito trabalho. Vencemos grandes desafios nos primeiros anos e ainda temos muito o que conquistar nos que vir\u00e3o. Tenho certeza que n\u00e3o nos faltar\u00e1 disposi\u00e7\u00e3o e vontade para continuar construindo a cidade que sonhamos\u201d, disse o prefeito.<\/p>\n<p>A posse dos eleitos acontecer\u00e1 no dia 1\u00ba de Janeiro de 2021.<\/p>\n<p><strong><em>Por Davi Ferraz<\/em><\/strong><\/p>\n","protected":false},"excerpt":{"rendered":"<p>Nesta quinta-feira, 17, o prefeito Rodrigo Hagge e o vice Renan Pereira foram diplomados, mais uma vez, como prefeito e vice prefeito de Itapetinga, al\u00e9m dos 15 vereadores eleitos e reeleitos para o pr\u00f3ximo mandato, que vai de 1\u00ba de Janeiro de 2021 a 31 de dezembro de 2024. A\u00a0cerim\u00f4nia \u00e9 uma formalidade na qual [&hellip;]<\/p>\n","protected":false},"author":2,"featured_media":92018,"comment_status":"open","ping_status":"open","sticky":false,"template":"","format":"standard","meta":{"footnotes":"","_links_to":"","_links_to_target":""},"categories":[1],"tags":[],"class_list":["post-92017","post","type-post","status-publish","format-standard","has-post-thumbnail","hentry","category-geral"],"views":833,"_links":{"self":[{"href":"https:\/\/www.sudoestehoje.com.br\/novoportal\/wp-json\/wp\/v2\/posts\/92017","targetHints":{"allow":["GET"]}}],"collection":[{"href":"https:\/\/www.sudoestehoje.com.br\/novoportal\/wp-json\/wp\/v2\/posts"}],"about":[{"href":"https:\/\/www.sudoestehoje.com.br\/novoportal\/wp-json\/wp\/v2\/types\/post"}],"author":[{"embeddable":true,"href":"https:\/\/www.sudoestehoje.com.br\/novoportal\/wp-json\/wp\/v2\/users\/2"}],"replies":[{"embeddable":true,"href":"https:\/\/www.sudoestehoje.com.br\/novoportal\/wp-json\/wp\/v2\/comments?post=92017"}],"version-history":[{"count":4,"href":"https:\/\/www.sudoestehoje.com.br\/novoportal\/wp-json\/wp\/v2\/posts\/92017\/revisions"}],"predecessor-version":[{"id":92024,"href":"https:\/\/www.sudoestehoje.com.br\/novoportal\/wp-json\/wp\/v2\/posts\/92017\/revisions\/92024"}],"wp:featuredmedia":[{"embeddable":true,"href":"https:\/\/www.sudoestehoje.com.br\/novoportal\/wp-json\/wp\/v2\/media\/92018"}],"wp:attachment":[{"href":"https:\/\/www.sudoestehoje.com.br\/novoportal\/wp-json\/wp\/v2\/media?parent=92017"}],"wp:term":[{"taxonomy":"category","embeddable":true,"href":"https:\/\/www.sudoestehoje.com.br\/novoportal\/wp-json\/wp\/v2\/categories?post=92017"},{"taxonomy":"post_tag","embeddable":true,"href":"https:\/\/www.sudoestehoje.com.br\/novoportal\/wp-json\/wp\/v2\/tags?post=92017"}],"curies":[{"name":"wp","href":"https:\/\/api.w.org\/{rel}","templated":true}]}}