
{"id":92013,"date":"2020-12-17T10:02:36","date_gmt":"2020-12-17T13:02:36","guid":{"rendered":"https:\/\/www.sudoestehoje.com.br\/novoportal\/?p=92013"},"modified":"2020-12-17T10:02:36","modified_gmt":"2020-12-17T13:02:36","slug":"itapetinga-anderson-da-nova-e-amigos-promovem-brecho-solidario-de-natal","status":"publish","type":"post","link":"https:\/\/www.sudoestehoje.com.br\/novoportal\/2020\/12\/17\/itapetinga-anderson-da-nova-e-amigos-promovem-brecho-solidario-de-natal\/","title":{"rendered":"ITAPETINGA: ANDERSON DA NOVA E AMIGOS PROMOVEM BRECH\u00d3 SOLID\u00c1RIO DE NATAL"},"content":{"rendered":"<p><a href=\"https:\/\/www.sudoestehoje.com.br\/novoportal\/wp-content\/uploads\/2020\/12\/brech\u00f3-solid\u00e1rio.jpeg\"><img loading=\"lazy\" decoding=\"async\" class=\"aligncenter size-medium wp-image-92014\" src=\"https:\/\/www.sudoestehoje.com.br\/novoportal\/wp-content\/uploads\/2020\/12\/brech\u00f3-solid\u00e1rio-500x333.jpeg\" alt=\"\" width=\"500\" height=\"333\" srcset=\"https:\/\/www.sudoestehoje.com.br\/novoportal\/wp-content\/uploads\/2020\/12\/brech\u00f3-solid\u00e1rio-500x333.jpeg 500w, https:\/\/www.sudoestehoje.com.br\/novoportal\/wp-content\/uploads\/2020\/12\/brech\u00f3-solid\u00e1rio-700x466.jpeg 700w, https:\/\/www.sudoestehoje.com.br\/novoportal\/wp-content\/uploads\/2020\/12\/brech\u00f3-solid\u00e1rio-768x512.jpeg 768w, https:\/\/www.sudoestehoje.com.br\/novoportal\/wp-content\/uploads\/2020\/12\/brech\u00f3-solid\u00e1rio.jpeg 1280w\" sizes=\"auto, (max-width: 500px) 100vw, 500px\" \/><\/a><\/p>\n<p>No intuito de arrecadar roupas e agasalhos para as fam\u00edlias carentes da cidade, o vereador reeleito Anderson da Nova e amigos, est\u00e3o promovendo uma campanha denominada &#8216;BRECH\u00d3 SOLID\u00c1RIO&#8217;, neste per\u00edodo de Natal.<\/p>\n<p>&#8220;Em virtude da situa\u00e7\u00e3o que estamos vivendo em nosso pa\u00eds, estamos pedindo aos amigos e amigas, com muito carinho, doa\u00e7\u00f5es de roupas para que possamos juntos promover nos bairros nosso BRECH\u00d3 SOLID\u00c1RIO. \u00a0Sua roupa usada pode ser um novo come\u00e7o para algu\u00e9m&#8221;, disse Anderson.<\/p>\n<p>O ponto de coleta fica da Tv. Curitiba, 137, na Nova Itapetinga. Colabore!<\/p>\n","protected":false},"excerpt":{"rendered":"<p>No intuito de arrecadar roupas e agasalhos para as fam\u00edlias carentes da cidade, o vereador reeleito Anderson da Nova e amigos, est\u00e3o promovendo uma campanha denominada &#8216;BRECH\u00d3 SOLID\u00c1RIO&#8217;, neste per\u00edodo de Natal. &#8220;Em virtude da situa\u00e7\u00e3o que estamos vivendo em nosso pa\u00eds, estamos pedindo aos amigos e amigas, com muito carinho, doa\u00e7\u00f5es de roupas para [&hellip;]<\/p>\n","protected":false},"author":2,"featured_media":92014,"comment_status":"open","ping_status":"open","sticky":false,"template":"","format":"standard","meta":{"footnotes":"","_links_to":"","_links_to_target":""},"categories":[1],"tags":[],"class_list":["post-92013","post","type-post","status-publish","format-standard","has-post-thumbnail","hentry","category-geral"],"views":848,"_links":{"self":[{"href":"https:\/\/www.sudoestehoje.com.br\/novoportal\/wp-json\/wp\/v2\/posts\/92013","targetHints":{"allow":["GET"]}}],"collection":[{"href":"https:\/\/www.sudoestehoje.com.br\/novoportal\/wp-json\/wp\/v2\/posts"}],"about":[{"href":"https:\/\/www.sudoestehoje.com.br\/novoportal\/wp-json\/wp\/v2\/types\/post"}],"author":[{"embeddable":true,"href":"https:\/\/www.sudoestehoje.com.br\/novoportal\/wp-json\/wp\/v2\/users\/2"}],"replies":[{"embeddable":true,"href":"https:\/\/www.sudoestehoje.com.br\/novoportal\/wp-json\/wp\/v2\/comments?post=92013"}],"version-history":[{"count":2,"href":"https:\/\/www.sudoestehoje.com.br\/novoportal\/wp-json\/wp\/v2\/posts\/92013\/revisions"}],"predecessor-version":[{"id":92016,"href":"https:\/\/www.sudoestehoje.com.br\/novoportal\/wp-json\/wp\/v2\/posts\/92013\/revisions\/92016"}],"wp:featuredmedia":[{"embeddable":true,"href":"https:\/\/www.sudoestehoje.com.br\/novoportal\/wp-json\/wp\/v2\/media\/92014"}],"wp:attachment":[{"href":"https:\/\/www.sudoestehoje.com.br\/novoportal\/wp-json\/wp\/v2\/media?parent=92013"}],"wp:term":[{"taxonomy":"category","embeddable":true,"href":"https:\/\/www.sudoestehoje.com.br\/novoportal\/wp-json\/wp\/v2\/categories?post=92013"},{"taxonomy":"post_tag","embeddable":true,"href":"https:\/\/www.sudoestehoje.com.br\/novoportal\/wp-json\/wp\/v2\/tags?post=92013"}],"curies":[{"name":"wp","href":"https:\/\/api.w.org\/{rel}","templated":true}]}}