
{"id":92003,"date":"2020-12-15T21:34:32","date_gmt":"2020-12-16T00:34:32","guid":{"rendered":"https:\/\/www.sudoestehoje.com.br\/novoportal\/?p=92003"},"modified":"2020-12-15T21:34:32","modified_gmt":"2020-12-16T00:34:32","slug":"segunda-onda-brasil-volta-a-registrar-mais-de-900-mortes-por-covid-19-em-apenas-um-dia","status":"publish","type":"post","link":"https:\/\/www.sudoestehoje.com.br\/novoportal\/2020\/12\/15\/segunda-onda-brasil-volta-a-registrar-mais-de-900-mortes-por-covid-19-em-apenas-um-dia\/","title":{"rendered":"SEGUNDA ONDA: BRASIL VOLTA A REGISTRAR MAIS DE 900 MORTES POR COVID-19 EM APENAS UM DIA"},"content":{"rendered":"<p><a href=\"https:\/\/www.sudoestehoje.com.br\/novoportal\/wp-content\/uploads\/2020\/12\/BRASIL-AGLOMERA.jpg\"><img loading=\"lazy\" decoding=\"async\" class=\"aligncenter size-medium wp-image-92005\" src=\"https:\/\/www.sudoestehoje.com.br\/novoportal\/wp-content\/uploads\/2020\/12\/BRASIL-AGLOMERA-500x300.jpg\" alt=\"\" width=\"500\" height=\"300\" srcset=\"https:\/\/www.sudoestehoje.com.br\/novoportal\/wp-content\/uploads\/2020\/12\/BRASIL-AGLOMERA-500x300.jpg 500w, https:\/\/www.sudoestehoje.com.br\/novoportal\/wp-content\/uploads\/2020\/12\/BRASIL-AGLOMERA-700x420.jpg 700w, https:\/\/www.sudoestehoje.com.br\/novoportal\/wp-content\/uploads\/2020\/12\/BRASIL-AGLOMERA-768x461.jpg 768w, https:\/\/www.sudoestehoje.com.br\/novoportal\/wp-content\/uploads\/2020\/12\/BRASIL-AGLOMERA.jpg 1086w\" sizes=\"auto, (max-width: 500px) 100vw, 500px\" \/><\/a><\/p>\n<p>O Brasil registrou nesta ter\u00e7a-feira 915 mortes causadas pela Covid-19, elevando para 182.854 o n\u00famero de vidas perdidas pela doen\u00e7a. Pela primeira vez desde 12 de novembro, foram notificadas mais de 900 mortes em 24 horas. Foram contabilizados 44.849 novos casos de coronav\u00edrus, totalizando 6.974.258 infectados pelo Sars-CoV-2. A m\u00e9dia m\u00f3vel foi de 667 mortes, a maior desde 3 de outubro.<\/p>\n<div class=\"block__advertising block__advertising-in-text\">\n<div id=\"pub-in-text-1\" class=\"advertising advertising--teads outstream advertising--loaded\" data-oglobo-advertising-format=\"in-text\" data-oglobo-advertising-index=\"1\" data-google-query-id=\"COOtv_2e0e0CFRUAuQYdLgEISw\">\n<p>A &#8220;m\u00e9dia m\u00f3vel de 7 dias&#8221; faz uma m\u00e9dia entre o n\u00famero de mortes do dia e dos seis anteriores. Ela \u00e9 comparada com m\u00e9dia de duas semanas atr\u00e1s para indicar se h\u00e1 tend\u00eancia de alta, estabilidade ou queda. O c\u00e1lculo \u00e9 um recurso estat\u00edstico para conseguir enxergar a tend\u00eancia dos dados abafando o &#8220;ru\u00eddo&#8221; causado pelos finais de semana, quando a notifica\u00e7\u00e3o de mortes se reduz por escassez de funcion\u00e1rios em plant\u00e3o.<\/p>\n<p>H\u00e1 19 unidades federativas com tend\u00eancia de alta, s\u00e3o elas: Acre, Alagoas, Amap\u00e1, Bahia, Distrito Federal, Esp\u00edrito Santo, Mato Grosso, Mato Grosso do Sul, Minas Gerais, Para\u00edba, Paran\u00e1, Pernambuco, Rio de Janeiro, Rio Grande do Norte, Rio Grande do Sul, Roraima, Santa Catarina, S\u00e3o Paulo e Sergipe.<\/p>\n<\/div>\n<\/div>\n","protected":false},"excerpt":{"rendered":"<p>O Brasil registrou nesta ter\u00e7a-feira 915 mortes causadas pela Covid-19, elevando para 182.854 o n\u00famero de vidas perdidas pela doen\u00e7a. Pela primeira vez desde 12 de novembro, foram notificadas mais de 900 mortes em 24 horas. Foram contabilizados 44.849 novos casos de coronav\u00edrus, totalizando 6.974.258 infectados pelo Sars-CoV-2. A m\u00e9dia m\u00f3vel foi de 667 mortes, [&hellip;]<\/p>\n","protected":false},"author":2,"featured_media":92005,"comment_status":"open","ping_status":"open","sticky":false,"template":"","format":"standard","meta":{"footnotes":"","_links_to":"","_links_to_target":""},"categories":[1],"tags":[],"class_list":["post-92003","post","type-post","status-publish","format-standard","has-post-thumbnail","hentry","category-geral"],"views":997,"_links":{"self":[{"href":"https:\/\/www.sudoestehoje.com.br\/novoportal\/wp-json\/wp\/v2\/posts\/92003","targetHints":{"allow":["GET"]}}],"collection":[{"href":"https:\/\/www.sudoestehoje.com.br\/novoportal\/wp-json\/wp\/v2\/posts"}],"about":[{"href":"https:\/\/www.sudoestehoje.com.br\/novoportal\/wp-json\/wp\/v2\/types\/post"}],"author":[{"embeddable":true,"href":"https:\/\/www.sudoestehoje.com.br\/novoportal\/wp-json\/wp\/v2\/users\/2"}],"replies":[{"embeddable":true,"href":"https:\/\/www.sudoestehoje.com.br\/novoportal\/wp-json\/wp\/v2\/comments?post=92003"}],"version-history":[{"count":3,"href":"https:\/\/www.sudoestehoje.com.br\/novoportal\/wp-json\/wp\/v2\/posts\/92003\/revisions"}],"predecessor-version":[{"id":92007,"href":"https:\/\/www.sudoestehoje.com.br\/novoportal\/wp-json\/wp\/v2\/posts\/92003\/revisions\/92007"}],"wp:featuredmedia":[{"embeddable":true,"href":"https:\/\/www.sudoestehoje.com.br\/novoportal\/wp-json\/wp\/v2\/media\/92005"}],"wp:attachment":[{"href":"https:\/\/www.sudoestehoje.com.br\/novoportal\/wp-json\/wp\/v2\/media?parent=92003"}],"wp:term":[{"taxonomy":"category","embeddable":true,"href":"https:\/\/www.sudoestehoje.com.br\/novoportal\/wp-json\/wp\/v2\/categories?post=92003"},{"taxonomy":"post_tag","embeddable":true,"href":"https:\/\/www.sudoestehoje.com.br\/novoportal\/wp-json\/wp\/v2\/tags?post=92003"}],"curies":[{"name":"wp","href":"https:\/\/api.w.org\/{rel}","templated":true}]}}