
{"id":91999,"date":"2020-12-15T21:10:06","date_gmt":"2020-12-16T00:10:06","guid":{"rendered":"https:\/\/www.sudoestehoje.com.br\/novoportal\/?p=91999"},"modified":"2020-12-15T21:10:06","modified_gmt":"2020-12-16T00:10:06","slug":"segunda-onda-bahia-registra-4-114-casos-de-covid-19-nas-ultimas-24-horas","status":"publish","type":"post","link":"https:\/\/www.sudoestehoje.com.br\/novoportal\/2020\/12\/15\/segunda-onda-bahia-registra-4-114-casos-de-covid-19-nas-ultimas-24-horas\/","title":{"rendered":"SEGUNDA ONDA: BAHIA REGISTRA 4.114 CASOS DE COVID-19 NAS \u00daLTIMAS 24 HORAS"},"content":{"rendered":"<p><a href=\"https:\/\/www.sudoestehoje.com.br\/novoportal\/wp-content\/uploads\/2020\/12\/BAHIA-1.jpg\"><img loading=\"lazy\" decoding=\"async\" class=\"aligncenter size-medium wp-image-92000\" src=\"https:\/\/www.sudoestehoje.com.br\/novoportal\/wp-content\/uploads\/2020\/12\/BAHIA-1-500x325.jpg\" alt=\"\" width=\"500\" height=\"325\" srcset=\"https:\/\/www.sudoestehoje.com.br\/novoportal\/wp-content\/uploads\/2020\/12\/BAHIA-1-500x325.jpg 500w, https:\/\/www.sudoestehoje.com.br\/novoportal\/wp-content\/uploads\/2020\/12\/BAHIA-1-700x455.jpg 700w, https:\/\/www.sudoestehoje.com.br\/novoportal\/wp-content\/uploads\/2020\/12\/BAHIA-1-768x499.jpg 768w, https:\/\/www.sudoestehoje.com.br\/novoportal\/wp-content\/uploads\/2020\/12\/BAHIA-1.jpg 770w\" sizes=\"auto, (max-width: 500px) 100vw, 500px\" \/><\/a><\/p>\n<p>Na Bahia, nas \u00faltimas 24 horas, foram registrados 4.114 casos de Covid-19 (taxa de crescimento de +0,9%) e 4.139 recuperados (+1,0%). De acordo com a Secretaria Estadual da Sa\u00fade (Sesaab), dos 451.240 casos confirmados desde o in\u00edcio da pandemia, 431.273 s\u00e3o considerados recuperados, 11.302 encontram-se ativos e 8.665 pessoas foram a \u00f3bito.<\/p>\n<p>Ainda segundo a Sesab, os casos confirmados ocorreram em 417 munic\u00edpios baianos, com maior propor\u00e7\u00e3o em Salvador (23,26).<\/p>\n<p>As cidades com os maiores coeficientes de incid\u00eancia por 100.000 habitantes foram Ibirataia (9.939,92), Jucuru\u00e7u (7.736,14), Muniz Ferreira (7.599,03), Concei\u00e7\u00e3o do Coit\u00e9 (7.461,12), Aiquara (7.422,40).<\/p>\n","protected":false},"excerpt":{"rendered":"<p>Na Bahia, nas \u00faltimas 24 horas, foram registrados 4.114 casos de Covid-19 (taxa de crescimento de +0,9%) e 4.139 recuperados (+1,0%). De acordo com a Secretaria Estadual da Sa\u00fade (Sesaab), dos 451.240 casos confirmados desde o in\u00edcio da pandemia, 431.273 s\u00e3o considerados recuperados, 11.302 encontram-se ativos e 8.665 pessoas foram a \u00f3bito. Ainda segundo a [&hellip;]<\/p>\n","protected":false},"author":2,"featured_media":92000,"comment_status":"open","ping_status":"open","sticky":false,"template":"","format":"standard","meta":{"footnotes":"","_links_to":"","_links_to_target":""},"categories":[1],"tags":[],"class_list":["post-91999","post","type-post","status-publish","format-standard","has-post-thumbnail","hentry","category-geral"],"views":894,"_links":{"self":[{"href":"https:\/\/www.sudoestehoje.com.br\/novoportal\/wp-json\/wp\/v2\/posts\/91999","targetHints":{"allow":["GET"]}}],"collection":[{"href":"https:\/\/www.sudoestehoje.com.br\/novoportal\/wp-json\/wp\/v2\/posts"}],"about":[{"href":"https:\/\/www.sudoestehoje.com.br\/novoportal\/wp-json\/wp\/v2\/types\/post"}],"author":[{"embeddable":true,"href":"https:\/\/www.sudoestehoje.com.br\/novoportal\/wp-json\/wp\/v2\/users\/2"}],"replies":[{"embeddable":true,"href":"https:\/\/www.sudoestehoje.com.br\/novoportal\/wp-json\/wp\/v2\/comments?post=91999"}],"version-history":[{"count":1,"href":"https:\/\/www.sudoestehoje.com.br\/novoportal\/wp-json\/wp\/v2\/posts\/91999\/revisions"}],"predecessor-version":[{"id":92001,"href":"https:\/\/www.sudoestehoje.com.br\/novoportal\/wp-json\/wp\/v2\/posts\/91999\/revisions\/92001"}],"wp:featuredmedia":[{"embeddable":true,"href":"https:\/\/www.sudoestehoje.com.br\/novoportal\/wp-json\/wp\/v2\/media\/92000"}],"wp:attachment":[{"href":"https:\/\/www.sudoestehoje.com.br\/novoportal\/wp-json\/wp\/v2\/media?parent=91999"}],"wp:term":[{"taxonomy":"category","embeddable":true,"href":"https:\/\/www.sudoestehoje.com.br\/novoportal\/wp-json\/wp\/v2\/categories?post=91999"},{"taxonomy":"post_tag","embeddable":true,"href":"https:\/\/www.sudoestehoje.com.br\/novoportal\/wp-json\/wp\/v2\/tags?post=91999"}],"curies":[{"name":"wp","href":"https:\/\/api.w.org\/{rel}","templated":true}]}}