
{"id":91992,"date":"2020-12-15T17:48:05","date_gmt":"2020-12-15T20:48:05","guid":{"rendered":"https:\/\/www.sudoestehoje.com.br\/novoportal\/?p=91992"},"modified":"2020-12-15T17:48:46","modified_gmt":"2020-12-15T20:48:46","slug":"governo-preve-salario-minimo-de-r-1-088","status":"publish","type":"post","link":"https:\/\/www.sudoestehoje.com.br\/novoportal\/2020\/12\/15\/governo-preve-salario-minimo-de-r-1-088\/","title":{"rendered":"GOVERNO PREV\u00ca SAL\u00c1RIO M\u00cdNIMO DE R$ 1.088"},"content":{"rendered":"<p><a href=\"https:\/\/www.sudoestehoje.com.br\/novoportal\/wp-content\/uploads\/2020\/12\/salario.jpg\"><img loading=\"lazy\" decoding=\"async\" class=\"aligncenter size-medium wp-image-91993\" src=\"https:\/\/www.sudoestehoje.com.br\/novoportal\/wp-content\/uploads\/2020\/12\/salario-500x299.jpg\" alt=\"\" width=\"500\" height=\"299\" srcset=\"https:\/\/www.sudoestehoje.com.br\/novoportal\/wp-content\/uploads\/2020\/12\/salario-500x299.jpg 500w, https:\/\/www.sudoestehoje.com.br\/novoportal\/wp-content\/uploads\/2020\/12\/salario-700x419.jpg 700w, https:\/\/www.sudoestehoje.com.br\/novoportal\/wp-content\/uploads\/2020\/12\/salario-768x460.jpg 768w, https:\/\/www.sudoestehoje.com.br\/novoportal\/wp-content\/uploads\/2020\/12\/salario.jpg 940w\" sizes=\"auto, (max-width: 500px) 100vw, 500px\" \/><\/a><\/p>\n<p>O governo prev\u00ea que o sal\u00e1rio m\u00ednimo ficar\u00e1 em R$ 1.088 em 2021. A nova estimativa consta em of\u00edcio encaminhado ao Congresso Nacional para revisar as metas e proje\u00e7\u00f5es fiscais para o ano que vem.<\/p>\n<p>Em 15 de abril, quando encaminhou a proposta de Lei de Diretrizes Or\u00e7ament\u00e1rias (LDO), o governo previa que o piso nacional fosse reajustado dos atuais R$ 1.045 para R$ 1.079 no in\u00edcio de 2021.\u00a0No fim de agosto, quando enviou o projeto de Lei Or\u00e7ament\u00e1ria Anual (LOA), esse valor foi revisto para menos: R$ 1.067.<\/p>\n<p>Agora, o aumento na proje\u00e7\u00e3o se deve \u00e0 acelera\u00e7\u00e3o da infla\u00e7\u00e3o. O sal\u00e1rio m\u00ednimo n\u00e3o tem tido aumento real, mas o indicador que baliza sua corre\u00e7\u00e3o, o \u00cdndice Nacional de Pre\u00e7os ao Consumidor (INPC), tem registrado fortes altas nos \u00faltimos meses, na esteira da infla\u00e7\u00e3o de alimentos.<\/p>\n<p>Ou seja, o \u00edndice que corrige o sal\u00e1rio m\u00ednimo \u00e9 a infla\u00e7\u00e3o da parcela menos abastada da popula\u00e7\u00e3o &#8211; para quem os gastos com alimentos t\u00eam um peso maior, da\u00ed a acelera\u00e7\u00e3o do INPC.<\/p>\n","protected":false},"excerpt":{"rendered":"<p>O governo prev\u00ea que o sal\u00e1rio m\u00ednimo ficar\u00e1 em R$ 1.088 em 2021. A nova estimativa consta em of\u00edcio encaminhado ao Congresso Nacional para revisar as metas e proje\u00e7\u00f5es fiscais para o ano que vem. Em 15 de abril, quando encaminhou a proposta de Lei de Diretrizes Or\u00e7ament\u00e1rias (LDO), o governo previa que o piso [&hellip;]<\/p>\n","protected":false},"author":2,"featured_media":91993,"comment_status":"open","ping_status":"open","sticky":false,"template":"","format":"standard","meta":{"footnotes":"","_links_to":"","_links_to_target":""},"categories":[1],"tags":[],"class_list":["post-91992","post","type-post","status-publish","format-standard","has-post-thumbnail","hentry","category-geral"],"views":917,"_links":{"self":[{"href":"https:\/\/www.sudoestehoje.com.br\/novoportal\/wp-json\/wp\/v2\/posts\/91992","targetHints":{"allow":["GET"]}}],"collection":[{"href":"https:\/\/www.sudoestehoje.com.br\/novoportal\/wp-json\/wp\/v2\/posts"}],"about":[{"href":"https:\/\/www.sudoestehoje.com.br\/novoportal\/wp-json\/wp\/v2\/types\/post"}],"author":[{"embeddable":true,"href":"https:\/\/www.sudoestehoje.com.br\/novoportal\/wp-json\/wp\/v2\/users\/2"}],"replies":[{"embeddable":true,"href":"https:\/\/www.sudoestehoje.com.br\/novoportal\/wp-json\/wp\/v2\/comments?post=91992"}],"version-history":[{"count":5,"href":"https:\/\/www.sudoestehoje.com.br\/novoportal\/wp-json\/wp\/v2\/posts\/91992\/revisions"}],"predecessor-version":[{"id":91998,"href":"https:\/\/www.sudoestehoje.com.br\/novoportal\/wp-json\/wp\/v2\/posts\/91992\/revisions\/91998"}],"wp:featuredmedia":[{"embeddable":true,"href":"https:\/\/www.sudoestehoje.com.br\/novoportal\/wp-json\/wp\/v2\/media\/91993"}],"wp:attachment":[{"href":"https:\/\/www.sudoestehoje.com.br\/novoportal\/wp-json\/wp\/v2\/media?parent=91992"}],"wp:term":[{"taxonomy":"category","embeddable":true,"href":"https:\/\/www.sudoestehoje.com.br\/novoportal\/wp-json\/wp\/v2\/categories?post=91992"},{"taxonomy":"post_tag","embeddable":true,"href":"https:\/\/www.sudoestehoje.com.br\/novoportal\/wp-json\/wp\/v2\/tags?post=91992"}],"curies":[{"name":"wp","href":"https:\/\/api.w.org\/{rel}","templated":true}]}}