
{"id":91988,"date":"2020-12-15T11:44:45","date_gmt":"2020-12-15T14:44:45","guid":{"rendered":"https:\/\/www.sudoestehoje.com.br\/novoportal\/?p=91988"},"modified":"2020-12-15T11:44:45","modified_gmt":"2020-12-15T14:44:45","slug":"bahia-tem-mais-de-70-casos-suspeitos-de-reinfeccao-pelo-novo-coronavirus","status":"publish","type":"post","link":"https:\/\/www.sudoestehoje.com.br\/novoportal\/2020\/12\/15\/bahia-tem-mais-de-70-casos-suspeitos-de-reinfeccao-pelo-novo-coronavirus\/","title":{"rendered":"BAHIA TEM MAIS DE 70 CASOS SUSPEITOS DE REINFEC\u00c7\u00c3O PELO NOVO CORONAV\u00cdRUS"},"content":{"rendered":"<div class=\"mc-column content-text active-extra-styles \" data-block-type=\"unstyled\" data-block-weight=\"28\" data-block-id=\"2\">\n<p data-track-category=\"Link no Texto\" data-track-links=\"\"><a href=\"https:\/\/www.sudoestehoje.com.br\/novoportal\/wp-content\/uploads\/2020\/12\/reinf.jpg\"><img loading=\"lazy\" decoding=\"async\" class=\"aligncenter  wp-image-91989\" src=\"https:\/\/www.sudoestehoje.com.br\/novoportal\/wp-content\/uploads\/2020\/12\/reinf.jpg\" alt=\"\" width=\"500\" height=\"281\" \/><\/a><\/p>\n<p class=\"content-text__container \" data-track-category=\"Link no Texto\" data-track-links=\"\">Ao menos 76 indiv\u00edduos s\u00e3o casos suspeitos de reinfec\u00e7\u00e3o pelo novo coronav\u00edrus e est\u00e3o sendo investigados na Bahia, segundo informa\u00e7\u00f5es do infectologista Ant\u00f4nio Bandeira, que trabalha na Vigil\u00e2ncia Epidemiol\u00f3gica do Estado.<\/p>\n<\/div>\n<div class=\"wall protected-content\">\n<div class=\"mc-column content-text active-extra-styles \" data-block-type=\"unstyled\" data-block-weight=\"33\" data-block-id=\"3\">\n<div class=\"mc-column content-text active-extra-styles \" data-block-type=\"unstyled\" data-block-weight=\"26\" data-block-id=\"4\">\n<p class=\"content-text__container \" data-track-category=\"Link no Texto\" data-track-links=\"\">A Secretaria de Sa\u00fade do Estado (Sesab) informou que vai divulgar nesta ter\u00e7a-feira (15) os dados em relativos a an\u00e1lise de suspeitas de reinfec\u00e7\u00e3o na Bahia.<\/p>\n<\/div>\n<div class=\"mc-column content-text active-extra-styles \" data-block-type=\"unstyled\" data-block-weight=\"26\" data-block-id=\"5\">\n<p class=\"content-text__container \" data-track-category=\"Link no Texto\" data-track-links=\"\">Os especialistas explicam que\u00a0<span class=\"highlight highlighted\">as infec\u00e7\u00f5es s\u00e3o causadas pelo mesmo v\u00edrus, mas com assinatura gen\u00e9tica diferente e, por isso, o corpo n\u00e3o tem como se defender<\/span>.<\/p>\n<\/div>\n<\/div>\n<\/div>\n","protected":false},"excerpt":{"rendered":"<p>Ao menos 76 indiv\u00edduos s\u00e3o casos suspeitos de reinfec\u00e7\u00e3o pelo novo coronav\u00edrus e est\u00e3o sendo investigados na Bahia, segundo informa\u00e7\u00f5es do infectologista Ant\u00f4nio Bandeira, que trabalha na Vigil\u00e2ncia Epidemiol\u00f3gica do Estado. A Secretaria de Sa\u00fade do Estado (Sesab) informou que vai divulgar nesta ter\u00e7a-feira (15) os dados em relativos a an\u00e1lise de suspeitas de reinfec\u00e7\u00e3o [&hellip;]<\/p>\n","protected":false},"author":2,"featured_media":91989,"comment_status":"open","ping_status":"open","sticky":false,"template":"","format":"standard","meta":{"footnotes":"","_links_to":"","_links_to_target":""},"categories":[1],"tags":[],"class_list":["post-91988","post","type-post","status-publish","format-standard","has-post-thumbnail","hentry","category-geral"],"views":965,"_links":{"self":[{"href":"https:\/\/www.sudoestehoje.com.br\/novoportal\/wp-json\/wp\/v2\/posts\/91988","targetHints":{"allow":["GET"]}}],"collection":[{"href":"https:\/\/www.sudoestehoje.com.br\/novoportal\/wp-json\/wp\/v2\/posts"}],"about":[{"href":"https:\/\/www.sudoestehoje.com.br\/novoportal\/wp-json\/wp\/v2\/types\/post"}],"author":[{"embeddable":true,"href":"https:\/\/www.sudoestehoje.com.br\/novoportal\/wp-json\/wp\/v2\/users\/2"}],"replies":[{"embeddable":true,"href":"https:\/\/www.sudoestehoje.com.br\/novoportal\/wp-json\/wp\/v2\/comments?post=91988"}],"version-history":[{"count":2,"href":"https:\/\/www.sudoestehoje.com.br\/novoportal\/wp-json\/wp\/v2\/posts\/91988\/revisions"}],"predecessor-version":[{"id":91991,"href":"https:\/\/www.sudoestehoje.com.br\/novoportal\/wp-json\/wp\/v2\/posts\/91988\/revisions\/91991"}],"wp:featuredmedia":[{"embeddable":true,"href":"https:\/\/www.sudoestehoje.com.br\/novoportal\/wp-json\/wp\/v2\/media\/91989"}],"wp:attachment":[{"href":"https:\/\/www.sudoestehoje.com.br\/novoportal\/wp-json\/wp\/v2\/media?parent=91988"}],"wp:term":[{"taxonomy":"category","embeddable":true,"href":"https:\/\/www.sudoestehoje.com.br\/novoportal\/wp-json\/wp\/v2\/categories?post=91988"},{"taxonomy":"post_tag","embeddable":true,"href":"https:\/\/www.sudoestehoje.com.br\/novoportal\/wp-json\/wp\/v2\/tags?post=91988"}],"curies":[{"name":"wp","href":"https:\/\/api.w.org\/{rel}","templated":true}]}}