
{"id":91980,"date":"2020-12-14T21:45:28","date_gmt":"2020-12-15T00:45:28","guid":{"rendered":"https:\/\/www.sudoestehoje.com.br\/novoportal\/?p=91980"},"modified":"2020-12-14T21:45:28","modified_gmt":"2020-12-15T00:45:28","slug":"oi-movel-e-fatiada-e-vendida-para-a-claro-tim-e-vivo-por-r-165-bilhoes","status":"publish","type":"post","link":"https:\/\/www.sudoestehoje.com.br\/novoportal\/2020\/12\/14\/oi-movel-e-fatiada-e-vendida-para-a-claro-tim-e-vivo-por-r-165-bilhoes\/","title":{"rendered":"OI M\u00d3VEL \u00c9 FATIADA E VENDIDA PARA A CLARO, TIM E VIVO POR R$ 16,5 BILH\u00d5ES"},"content":{"rendered":"<p><a href=\"https:\/\/www.sudoestehoje.com.br\/novoportal\/wp-content\/uploads\/2020\/12\/OI.jpg\"><img loading=\"lazy\" decoding=\"async\" class=\"aligncenter size-medium wp-image-91981\" src=\"https:\/\/www.sudoestehoje.com.br\/novoportal\/wp-content\/uploads\/2020\/12\/OI-500x263.jpg\" alt=\"\" width=\"500\" height=\"263\" srcset=\"https:\/\/www.sudoestehoje.com.br\/novoportal\/wp-content\/uploads\/2020\/12\/OI-500x263.jpg 500w, https:\/\/www.sudoestehoje.com.br\/novoportal\/wp-content\/uploads\/2020\/12\/OI-700x368.jpg 700w, https:\/\/www.sudoestehoje.com.br\/novoportal\/wp-content\/uploads\/2020\/12\/OI.jpg 760w\" sizes=\"auto, (max-width: 500px) 100vw, 500px\" \/><\/a><\/p>\n<p>O trio de operadoras\u00a0<strong>Claro, TIM e Vivo<\/strong>\u00a0acaba de arrematar a\u00a0<strong>Oi M\u00f3vel<\/strong>\u00a0por R$ 16,5 bilh\u00f5es. O leil\u00e3o ocorreu nesta segunda-feira (14) no Tribunal de Justi\u00e7a do Rio de Janeiro para a venda da Unidade Produtiva Isolada de Ativos M\u00f3veis. Com o neg\u00f3cio, o Brasil passa a ter apenas tr\u00eas grandes operadoras de telefonia m\u00f3vel.<\/p>\n<p>A conclus\u00e3o da venda ainda deve demorar bastante, uma vez que o neg\u00f3cio precisa seguir os tr\u00e2mites burocr\u00e1ticos para aprova\u00e7\u00e3o da Anatel e Conselho Administrativo de Defesa Econ\u00f4mica (Cade). A Oi espera que isso s\u00f3 aconte\u00e7a no final de 2021.<\/p>\n<p>Do montante de R$ 16,5 bilh\u00f5es, R$ 15,7 bilh\u00f5es s\u00e3o referentes aos ativos de telefonia m\u00f3vel. O trio de operadoras tamb\u00e9m pagar\u00e1 por R$ 819 milh\u00f5es pelo uso de capacidade da Oi.<\/p>\n","protected":false},"excerpt":{"rendered":"<p>O trio de operadoras\u00a0Claro, TIM e Vivo\u00a0acaba de arrematar a\u00a0Oi M\u00f3vel\u00a0por R$ 16,5 bilh\u00f5es. O leil\u00e3o ocorreu nesta segunda-feira (14) no Tribunal de Justi\u00e7a do Rio de Janeiro para a venda da Unidade Produtiva Isolada de Ativos M\u00f3veis. Com o neg\u00f3cio, o Brasil passa a ter apenas tr\u00eas grandes operadoras de telefonia m\u00f3vel. A conclus\u00e3o [&hellip;]<\/p>\n","protected":false},"author":2,"featured_media":91981,"comment_status":"open","ping_status":"open","sticky":false,"template":"","format":"standard","meta":{"footnotes":"","_links_to":"","_links_to_target":""},"categories":[1],"tags":[],"class_list":["post-91980","post","type-post","status-publish","format-standard","has-post-thumbnail","hentry","category-geral"],"views":1091,"_links":{"self":[{"href":"https:\/\/www.sudoestehoje.com.br\/novoportal\/wp-json\/wp\/v2\/posts\/91980","targetHints":{"allow":["GET"]}}],"collection":[{"href":"https:\/\/www.sudoestehoje.com.br\/novoportal\/wp-json\/wp\/v2\/posts"}],"about":[{"href":"https:\/\/www.sudoestehoje.com.br\/novoportal\/wp-json\/wp\/v2\/types\/post"}],"author":[{"embeddable":true,"href":"https:\/\/www.sudoestehoje.com.br\/novoportal\/wp-json\/wp\/v2\/users\/2"}],"replies":[{"embeddable":true,"href":"https:\/\/www.sudoestehoje.com.br\/novoportal\/wp-json\/wp\/v2\/comments?post=91980"}],"version-history":[{"count":1,"href":"https:\/\/www.sudoestehoje.com.br\/novoportal\/wp-json\/wp\/v2\/posts\/91980\/revisions"}],"predecessor-version":[{"id":91982,"href":"https:\/\/www.sudoestehoje.com.br\/novoportal\/wp-json\/wp\/v2\/posts\/91980\/revisions\/91982"}],"wp:featuredmedia":[{"embeddable":true,"href":"https:\/\/www.sudoestehoje.com.br\/novoportal\/wp-json\/wp\/v2\/media\/91981"}],"wp:attachment":[{"href":"https:\/\/www.sudoestehoje.com.br\/novoportal\/wp-json\/wp\/v2\/media?parent=91980"}],"wp:term":[{"taxonomy":"category","embeddable":true,"href":"https:\/\/www.sudoestehoje.com.br\/novoportal\/wp-json\/wp\/v2\/categories?post=91980"},{"taxonomy":"post_tag","embeddable":true,"href":"https:\/\/www.sudoestehoje.com.br\/novoportal\/wp-json\/wp\/v2\/tags?post=91980"}],"curies":[{"name":"wp","href":"https:\/\/api.w.org\/{rel}","templated":true}]}}