
{"id":91972,"date":"2020-12-14T20:01:04","date_gmt":"2020-12-14T23:01:04","guid":{"rendered":"https:\/\/www.sudoestehoje.com.br\/novoportal\/?p=91972"},"modified":"2020-12-14T20:01:04","modified_gmt":"2020-12-14T23:01:04","slug":"joe-binden-e-confirmado-pelo-colegio-eleitoral-com-presidente-eleito-dos-eua","status":"publish","type":"post","link":"https:\/\/www.sudoestehoje.com.br\/novoportal\/2020\/12\/14\/joe-binden-e-confirmado-pelo-colegio-eleitoral-com-presidente-eleito-dos-eua\/","title":{"rendered":"JOE BINDEN \u00c9 CONFIRMADO PELO COL\u00c9GIO ELEITORAL COM PRESIDENTE ELEITO DOS EUA"},"content":{"rendered":"<p><a href=\"https:\/\/www.sudoestehoje.com.br\/novoportal\/wp-content\/uploads\/2020\/12\/BIDEN.jpg\"><img loading=\"lazy\" decoding=\"async\" class=\"aligncenter size-medium wp-image-91974\" src=\"https:\/\/www.sudoestehoje.com.br\/novoportal\/wp-content\/uploads\/2020\/12\/BIDEN-500x333.jpg\" alt=\"\" width=\"500\" height=\"333\" srcset=\"https:\/\/www.sudoestehoje.com.br\/novoportal\/wp-content\/uploads\/2020\/12\/BIDEN-500x333.jpg 500w, https:\/\/www.sudoestehoje.com.br\/novoportal\/wp-content\/uploads\/2020\/12\/BIDEN.jpg 570w\" sizes=\"auto, (max-width: 500px) 100vw, 500px\" \/><\/a><\/p>\n<p class=\" \">O col\u00e9gio eleitoral dos Estados Unidos confirmou nesta segunda-feira (14) que Joe Biden \u00e9 o novo presidente eleito do pa\u00eds. A confirma\u00e7\u00e3o ocorre ap\u00f3s o democrata vencer o republicano Donald Trump no voto popular. Biden precisava dos votos de pelo menos 270 delegados, mas ele j\u00e1 tem 302.<\/p>\n<p>A etapa \u00e9 mais uma das formalidades entre a vota\u00e7\u00e3o de novembro e a posse do democrata como novo presidente, prevista para 20 de janeiro. Nela, os 538 eleitores dos 50 estados e do Distrito de Columbia designados a votarem conforme os resultados das elei\u00e7\u00f5es certificados em cada unidade federativa depositam publicamente seus votos.<\/p>\n<div class=\"main-content\">\n<div class=\"row\">\n<section class=\"noticia col-sm-12 plf-0\">\n<div id=\"noticia\">\n<p>As c\u00e9dulas s\u00e3o enviadas at\u00e9 23 de dezembro para a capital Washington, onde ser\u00e3o formalmente recebidas e contadas em uma solenidade em janeiro no Congresso americano.<\/p>\n<\/div>\n<\/section>\n<\/div>\n<\/div>\n","protected":false},"excerpt":{"rendered":"<p>O col\u00e9gio eleitoral dos Estados Unidos confirmou nesta segunda-feira (14) que Joe Biden \u00e9 o novo presidente eleito do pa\u00eds. A confirma\u00e7\u00e3o ocorre ap\u00f3s o democrata vencer o republicano Donald Trump no voto popular. Biden precisava dos votos de pelo menos 270 delegados, mas ele j\u00e1 tem 302. A etapa \u00e9 mais uma das formalidades [&hellip;]<\/p>\n","protected":false},"author":2,"featured_media":91974,"comment_status":"open","ping_status":"open","sticky":false,"template":"","format":"standard","meta":{"footnotes":"","_links_to":"","_links_to_target":""},"categories":[1],"tags":[],"class_list":["post-91972","post","type-post","status-publish","format-standard","has-post-thumbnail","hentry","category-geral"],"views":863,"_links":{"self":[{"href":"https:\/\/www.sudoestehoje.com.br\/novoportal\/wp-json\/wp\/v2\/posts\/91972","targetHints":{"allow":["GET"]}}],"collection":[{"href":"https:\/\/www.sudoestehoje.com.br\/novoportal\/wp-json\/wp\/v2\/posts"}],"about":[{"href":"https:\/\/www.sudoestehoje.com.br\/novoportal\/wp-json\/wp\/v2\/types\/post"}],"author":[{"embeddable":true,"href":"https:\/\/www.sudoestehoje.com.br\/novoportal\/wp-json\/wp\/v2\/users\/2"}],"replies":[{"embeddable":true,"href":"https:\/\/www.sudoestehoje.com.br\/novoportal\/wp-json\/wp\/v2\/comments?post=91972"}],"version-history":[{"count":2,"href":"https:\/\/www.sudoestehoje.com.br\/novoportal\/wp-json\/wp\/v2\/posts\/91972\/revisions"}],"predecessor-version":[{"id":91975,"href":"https:\/\/www.sudoestehoje.com.br\/novoportal\/wp-json\/wp\/v2\/posts\/91972\/revisions\/91975"}],"wp:featuredmedia":[{"embeddable":true,"href":"https:\/\/www.sudoestehoje.com.br\/novoportal\/wp-json\/wp\/v2\/media\/91974"}],"wp:attachment":[{"href":"https:\/\/www.sudoestehoje.com.br\/novoportal\/wp-json\/wp\/v2\/media?parent=91972"}],"wp:term":[{"taxonomy":"category","embeddable":true,"href":"https:\/\/www.sudoestehoje.com.br\/novoportal\/wp-json\/wp\/v2\/categories?post=91972"},{"taxonomy":"post_tag","embeddable":true,"href":"https:\/\/www.sudoestehoje.com.br\/novoportal\/wp-json\/wp\/v2\/tags?post=91972"}],"curies":[{"name":"wp","href":"https:\/\/api.w.org\/{rel}","templated":true}]}}