
{"id":91967,"date":"2020-12-14T19:00:20","date_gmt":"2020-12-14T22:00:20","guid":{"rendered":"https:\/\/www.sudoestehoje.com.br\/novoportal\/?p=91967"},"modified":"2020-12-14T19:02:41","modified_gmt":"2020-12-14T22:02:41","slug":"segunda-onda-itapetinga-registra-31-novos-casos-de-covid-19-nesta-segunda","status":"publish","type":"post","link":"https:\/\/www.sudoestehoje.com.br\/novoportal\/2020\/12\/14\/segunda-onda-itapetinga-registra-31-novos-casos-de-covid-19-nesta-segunda\/","title":{"rendered":"SEGUNDA ONDA: ITAPETINGA REGISTRA 31 NOVOS CASOS DE COVID-19 NESTA SEGUNDA"},"content":{"rendered":"<p><a href=\"https:\/\/www.sudoestehoje.com.br\/novoportal\/wp-content\/uploads\/2020\/12\/itapetinga-igreja-batista.jpg\"><img loading=\"lazy\" decoding=\"async\" class=\"aligncenter size-medium wp-image-91968\" src=\"https:\/\/www.sudoestehoje.com.br\/novoportal\/wp-content\/uploads\/2020\/12\/itapetinga-igreja-batista-500x370.jpg\" alt=\"\" width=\"500\" height=\"370\" srcset=\"https:\/\/www.sudoestehoje.com.br\/novoportal\/wp-content\/uploads\/2020\/12\/itapetinga-igreja-batista-500x370.jpg 500w, https:\/\/www.sudoestehoje.com.br\/novoportal\/wp-content\/uploads\/2020\/12\/itapetinga-igreja-batista-700x518.jpg 700w, https:\/\/www.sudoestehoje.com.br\/novoportal\/wp-content\/uploads\/2020\/12\/itapetinga-igreja-batista-768x568.jpg 768w, https:\/\/www.sudoestehoje.com.br\/novoportal\/wp-content\/uploads\/2020\/12\/itapetinga-igreja-batista.jpg 1080w\" sizes=\"auto, (max-width: 500px) 100vw, 500px\" \/><\/a><\/p>\n<p>De acordo com o novo boletim da Secretaria Municipal de Sa\u00fade, foram registrados nas \u00faltimas 24 horas 31 novos casos da Covid-19 em Itapetinga, depois de um breve per\u00edodo de baixa.<\/p>\n<p>O aumento dos casos se deve a uma &#8216;segunda onda&#8217; da doen\u00e7a, que vem se alastrando em todo o estado da Bahia.<\/p>\n<p><a href=\"https:\/\/www.sudoestehoje.com.br\/novoportal\/wp-content\/uploads\/2020\/12\/boletim-1.jpeg\"><img loading=\"lazy\" decoding=\"async\" class=\"aligncenter size-medium wp-image-91970\" src=\"https:\/\/www.sudoestehoje.com.br\/novoportal\/wp-content\/uploads\/2020\/12\/boletim-1-500x417.jpeg\" alt=\"\" width=\"500\" height=\"417\" srcset=\"https:\/\/www.sudoestehoje.com.br\/novoportal\/wp-content\/uploads\/2020\/12\/boletim-1-500x417.jpeg 500w, https:\/\/www.sudoestehoje.com.br\/novoportal\/wp-content\/uploads\/2020\/12\/boletim-1.jpeg 663w\" sizes=\"auto, (max-width: 500px) 100vw, 500px\" \/><\/a><\/p>\n<p>Itapetinga j\u00e1 registrou um total de 2.619 casos, no per\u00edodo de 9 meses da pandemia, mas tem apenas 98 casos ativos.<\/p>\n<p>O n\u00famero de \u00f3bitos chegou a 59 na \u00faltima quarta-feira (9), depois de um m\u00eas sem nenhuma ocorr\u00eancia fatal.<\/p>\n<p><strong><em>Por Davi Ferraz<\/em><\/strong><\/p>\n","protected":false},"excerpt":{"rendered":"<p>De acordo com o novo boletim da Secretaria Municipal de Sa\u00fade, foram registrados nas \u00faltimas 24 horas 31 novos casos da Covid-19 em Itapetinga, depois de um breve per\u00edodo de baixa. O aumento dos casos se deve a uma &#8216;segunda onda&#8217; da doen\u00e7a, que vem se alastrando em todo o estado da Bahia. Itapetinga j\u00e1 [&hellip;]<\/p>\n","protected":false},"author":2,"featured_media":91968,"comment_status":"open","ping_status":"open","sticky":false,"template":"","format":"standard","meta":{"footnotes":"","_links_to":"","_links_to_target":""},"categories":[1],"tags":[],"class_list":["post-91967","post","type-post","status-publish","format-standard","has-post-thumbnail","hentry","category-geral"],"views":1679,"_links":{"self":[{"href":"https:\/\/www.sudoestehoje.com.br\/novoportal\/wp-json\/wp\/v2\/posts\/91967","targetHints":{"allow":["GET"]}}],"collection":[{"href":"https:\/\/www.sudoestehoje.com.br\/novoportal\/wp-json\/wp\/v2\/posts"}],"about":[{"href":"https:\/\/www.sudoestehoje.com.br\/novoportal\/wp-json\/wp\/v2\/types\/post"}],"author":[{"embeddable":true,"href":"https:\/\/www.sudoestehoje.com.br\/novoportal\/wp-json\/wp\/v2\/users\/2"}],"replies":[{"embeddable":true,"href":"https:\/\/www.sudoestehoje.com.br\/novoportal\/wp-json\/wp\/v2\/comments?post=91967"}],"version-history":[{"count":2,"href":"https:\/\/www.sudoestehoje.com.br\/novoportal\/wp-json\/wp\/v2\/posts\/91967\/revisions"}],"predecessor-version":[{"id":91971,"href":"https:\/\/www.sudoestehoje.com.br\/novoportal\/wp-json\/wp\/v2\/posts\/91967\/revisions\/91971"}],"wp:featuredmedia":[{"embeddable":true,"href":"https:\/\/www.sudoestehoje.com.br\/novoportal\/wp-json\/wp\/v2\/media\/91968"}],"wp:attachment":[{"href":"https:\/\/www.sudoestehoje.com.br\/novoportal\/wp-json\/wp\/v2\/media?parent=91967"}],"wp:term":[{"taxonomy":"category","embeddable":true,"href":"https:\/\/www.sudoestehoje.com.br\/novoportal\/wp-json\/wp\/v2\/categories?post=91967"},{"taxonomy":"post_tag","embeddable":true,"href":"https:\/\/www.sudoestehoje.com.br\/novoportal\/wp-json\/wp\/v2\/tags?post=91967"}],"curies":[{"name":"wp","href":"https:\/\/api.w.org\/{rel}","templated":true}]}}