
{"id":91959,"date":"2020-12-14T16:35:06","date_gmt":"2020-12-14T19:35:06","guid":{"rendered":"https:\/\/www.sudoestehoje.com.br\/novoportal\/?p=91959"},"modified":"2020-12-14T16:35:51","modified_gmt":"2020-12-14T19:35:51","slug":"deputado-pedro-tavares-homenageia-os-68-anos-de-itapetinga-em-mocao-apresentada-na-assembleia","status":"publish","type":"post","link":"https:\/\/www.sudoestehoje.com.br\/novoportal\/2020\/12\/14\/deputado-pedro-tavares-homenageia-os-68-anos-de-itapetinga-em-mocao-apresentada-na-assembleia\/","title":{"rendered":"DEPUTADO PEDRO TAVARES HOMENAGEIA OS 68 ANOS DE ITAPETINGA EM MO\u00c7\u00c3O APRESENTADA NA ASSEMBLEIA"},"content":{"rendered":"<p><a href=\"https:\/\/www.sudoestehoje.com.br\/novoportal\/wp-content\/uploads\/2020\/12\/PEDRO-2-1.jpeg\"><img loading=\"lazy\" decoding=\"async\" class=\"aligncenter size-medium wp-image-91964\" src=\"https:\/\/www.sudoestehoje.com.br\/novoportal\/wp-content\/uploads\/2020\/12\/PEDRO-2-1-500x333.jpeg\" alt=\"\" width=\"500\" height=\"333\" srcset=\"https:\/\/www.sudoestehoje.com.br\/novoportal\/wp-content\/uploads\/2020\/12\/PEDRO-2-1-500x333.jpeg 500w, https:\/\/www.sudoestehoje.com.br\/novoportal\/wp-content\/uploads\/2020\/12\/PEDRO-2-1-700x466.jpeg 700w, https:\/\/www.sudoestehoje.com.br\/novoportal\/wp-content\/uploads\/2020\/12\/PEDRO-2-1-768x512.jpeg 768w, https:\/\/www.sudoestehoje.com.br\/novoportal\/wp-content\/uploads\/2020\/12\/PEDRO-2-1.jpeg 1280w\" sizes=\"auto, (max-width: 500px) 100vw, 500px\" \/><\/a><\/p>\n<p>O deputado estadual Pedro Tavares (DEM), apresentou mo\u00e7\u00e3o de congratula\u00e7\u00f5es na Assembleia Legislativa da Bahia pela passagem do anivers\u00e1rio de emancipa\u00e7\u00e3o pol\u00edtica de Itapetinga, no \u00faltimo dia 12. O deputado ressaltou as caracter\u00edsticas e a hist\u00f3ria do munic\u00edpio, localizado na regi\u00e3o Sudoeste e distante a 571 quil\u00f4metros de Salvador.<\/p>\n<p>Em mensagem tamb\u00e9m enviada ao munic\u00edpio, o parlamentar destacou a sua rela\u00e7\u00e3o especial de carinho, respeito e trabalho com Itapetinga, lugar onde construiu la\u00e7os para a vida inteira.<\/p>\n<p>\u201cParticipar das comemora\u00e7\u00f5es do anivers\u00e1rio da cidade era uma tradi\u00e7\u00e3o todos os anos, mas, infelizmente este ano por conta das recomenda\u00e7\u00f5es contra a Covid-19 n\u00e3o ser\u00e1 poss\u00edvel. Em nome do prefeito reeleito Rodrigo Hagge, cumprimento a toda popula\u00e7\u00e3o de Itapetinga por essa data especial. Muita sa\u00fade, paz e prosperidade a todos. Em breve estaremos juntos e contem sempre comigo\u201d, afirmou.<\/p>\n<p>Na mo\u00e7\u00e3o, o deputado lembrou que a regi\u00e3o, onde hoje se situa a cidade come\u00e7ou a ser conhecida a partir de 1914, quando alguns oper\u00e1rios que trabalhavam na constru\u00e7\u00e3o da estrada pedestre entre Vit\u00f3ria da Conquista e Ilh\u00e9us, fixaram-se \u00e0s margens do Rio Catul\u00e9 para atividades agr\u00edcolas.<\/p>\n<p>Tavares destacou tamb\u00e9m os aspectos econ\u00f4micos do munic\u00edpio, conhecido nacionalmente como grande polo de pecu\u00e1ria.<\/p>\n<p>O deputado reafirma o seu compromisso de continuar trabalhando em favor de Itapetinga, levando benef\u00edcios para a cidade.<em> \/\/Ascom<\/em><\/p>\n","protected":false},"excerpt":{"rendered":"<p>O deputado estadual Pedro Tavares (DEM), apresentou mo\u00e7\u00e3o de congratula\u00e7\u00f5es na Assembleia Legislativa da Bahia pela passagem do anivers\u00e1rio de emancipa\u00e7\u00e3o pol\u00edtica de Itapetinga, no \u00faltimo dia 12. O deputado ressaltou as caracter\u00edsticas e a hist\u00f3ria do munic\u00edpio, localizado na regi\u00e3o Sudoeste e distante a 571 quil\u00f4metros de Salvador. Em mensagem tamb\u00e9m enviada ao munic\u00edpio, [&hellip;]<\/p>\n","protected":false},"author":2,"featured_media":91963,"comment_status":"open","ping_status":"open","sticky":false,"template":"","format":"standard","meta":{"footnotes":"","_links_to":"","_links_to_target":""},"categories":[1],"tags":[],"class_list":["post-91959","post","type-post","status-publish","format-standard","has-post-thumbnail","hentry","category-geral"],"views":923,"_links":{"self":[{"href":"https:\/\/www.sudoestehoje.com.br\/novoportal\/wp-json\/wp\/v2\/posts\/91959","targetHints":{"allow":["GET"]}}],"collection":[{"href":"https:\/\/www.sudoestehoje.com.br\/novoportal\/wp-json\/wp\/v2\/posts"}],"about":[{"href":"https:\/\/www.sudoestehoje.com.br\/novoportal\/wp-json\/wp\/v2\/types\/post"}],"author":[{"embeddable":true,"href":"https:\/\/www.sudoestehoje.com.br\/novoportal\/wp-json\/wp\/v2\/users\/2"}],"replies":[{"embeddable":true,"href":"https:\/\/www.sudoestehoje.com.br\/novoportal\/wp-json\/wp\/v2\/comments?post=91959"}],"version-history":[{"count":5,"href":"https:\/\/www.sudoestehoje.com.br\/novoportal\/wp-json\/wp\/v2\/posts\/91959\/revisions"}],"predecessor-version":[{"id":91966,"href":"https:\/\/www.sudoestehoje.com.br\/novoportal\/wp-json\/wp\/v2\/posts\/91959\/revisions\/91966"}],"wp:featuredmedia":[{"embeddable":true,"href":"https:\/\/www.sudoestehoje.com.br\/novoportal\/wp-json\/wp\/v2\/media\/91963"}],"wp:attachment":[{"href":"https:\/\/www.sudoestehoje.com.br\/novoportal\/wp-json\/wp\/v2\/media?parent=91959"}],"wp:term":[{"taxonomy":"category","embeddable":true,"href":"https:\/\/www.sudoestehoje.com.br\/novoportal\/wp-json\/wp\/v2\/categories?post=91959"},{"taxonomy":"post_tag","embeddable":true,"href":"https:\/\/www.sudoestehoje.com.br\/novoportal\/wp-json\/wp\/v2\/tags?post=91959"}],"curies":[{"name":"wp","href":"https:\/\/api.w.org\/{rel}","templated":true}]}}