
{"id":91950,"date":"2020-12-14T11:27:57","date_gmt":"2020-12-14T14:27:57","guid":{"rendered":"https:\/\/www.sudoestehoje.com.br\/novoportal\/?p=91950"},"modified":"2020-12-14T11:29:54","modified_gmt":"2020-12-14T14:29:54","slug":"regiao-seinfra-homologa-licitacao-para-recuperacao-da-estrada-de-maiquinique-manjerona","status":"publish","type":"post","link":"https:\/\/www.sudoestehoje.com.br\/novoportal\/2020\/12\/14\/regiao-seinfra-homologa-licitacao-para-recuperacao-da-estrada-de-maiquinique-manjerona\/","title":{"rendered":"REGI\u00c3O: SEINFRA HOMOLOGA LICITA\u00c7\u00c3O PARA RECUPERA\u00c7\u00c3O DA ESTRADA DE MAIQUINIQUE &#8211; MANJERONA"},"content":{"rendered":"<p><a href=\"https:\/\/www.sudoestehoje.com.br\/novoportal\/wp-content\/uploads\/2020\/12\/esrada-maiquinique-hoje.jpeg\"><img loading=\"lazy\" decoding=\"async\" class=\"aligncenter size-medium wp-image-91955\" src=\"https:\/\/www.sudoestehoje.com.br\/novoportal\/wp-content\/uploads\/2020\/12\/esrada-maiquinique-hoje-500x281.jpeg\" alt=\"\" width=\"500\" height=\"281\" srcset=\"https:\/\/www.sudoestehoje.com.br\/novoportal\/wp-content\/uploads\/2020\/12\/esrada-maiquinique-hoje-500x281.jpeg 500w, https:\/\/www.sudoestehoje.com.br\/novoportal\/wp-content\/uploads\/2020\/12\/esrada-maiquinique-hoje-700x394.jpeg 700w, https:\/\/www.sudoestehoje.com.br\/novoportal\/wp-content\/uploads\/2020\/12\/esrada-maiquinique-hoje-768x432.jpeg 768w, https:\/\/www.sudoestehoje.com.br\/novoportal\/wp-content\/uploads\/2020\/12\/esrada-maiquinique-hoje.jpeg 800w\" sizes=\"auto, (max-width: 500px) 100vw, 500px\" \/><\/a><\/p>\n<p>Nesta segunda-feira (14), foi publicada no Di\u00e1rio Oficial do Estado da Bahia a homologa\u00e7\u00e3o da\u00a0 Concorr\u00eancia n\u00ba 015\/2020, para restaura\u00e7\u00e3o do trecho da Ba-270, entre a cidade de Maiquinique e o entroncamento do Manjerona, no M\u00e9dio Sudoeste da Bahia.<\/p>\n<p>A empresa vencedora da licita\u00e7\u00e3o foi a CONTEK ENGENHARIA LTDA, do Rio de Janeiro, e o valor da obra contratada \u00e9 de R$ 12.648.648,15.<\/p>\n<p>De acordo com e SEINFRA, as obras dever\u00e3o ser iniciadas a partir de meados de Janeiro de 2021, assim que for assinado o contrato entre a empreiteira e o Estado da Bahia.<\/p>\n<p><a href=\"https:\/\/www.sudoestehoje.com.br\/novoportal\/wp-content\/uploads\/2020\/12\/licita\u00e7\u00e3o-ba-270.jpeg\"><img loading=\"lazy\" decoding=\"async\" class=\"aligncenter size-medium wp-image-91956\" src=\"https:\/\/www.sudoestehoje.com.br\/novoportal\/wp-content\/uploads\/2020\/12\/licita\u00e7\u00e3o-ba-270-500x629.jpeg\" alt=\"\" width=\"500\" height=\"629\" srcset=\"https:\/\/www.sudoestehoje.com.br\/novoportal\/wp-content\/uploads\/2020\/12\/licita\u00e7\u00e3o-ba-270-500x629.jpeg 500w, https:\/\/www.sudoestehoje.com.br\/novoportal\/wp-content\/uploads\/2020\/12\/licita\u00e7\u00e3o-ba-270-700x880.jpeg 700w, https:\/\/www.sudoestehoje.com.br\/novoportal\/wp-content\/uploads\/2020\/12\/licita\u00e7\u00e3o-ba-270-768x966.jpeg 768w, https:\/\/www.sudoestehoje.com.br\/novoportal\/wp-content\/uploads\/2020\/12\/licita\u00e7\u00e3o-ba-270.jpeg 1018w\" sizes=\"auto, (max-width: 500px) 100vw, 500px\" \/><\/a><\/p>\n<p>A recupera\u00e7\u00e3o deste trecho da BA-270 \u00e9 de suma import\u00e2ncia e vem sendo aguardada h\u00e1 muitos anos.<\/p>\n<p><strong><em>Por Davi Ferraz<\/em><\/strong><\/p>\n","protected":false},"excerpt":{"rendered":"<p>Nesta segunda-feira (14), foi publicada no Di\u00e1rio Oficial do Estado da Bahia a homologa\u00e7\u00e3o da\u00a0 Concorr\u00eancia n\u00ba 015\/2020, para restaura\u00e7\u00e3o do trecho da Ba-270, entre a cidade de Maiquinique e o entroncamento do Manjerona, no M\u00e9dio Sudoeste da Bahia. A empresa vencedora da licita\u00e7\u00e3o foi a CONTEK ENGENHARIA LTDA, do Rio de Janeiro, e o [&hellip;]<\/p>\n","protected":false},"author":2,"featured_media":91955,"comment_status":"open","ping_status":"open","sticky":false,"template":"","format":"standard","meta":{"footnotes":"","_links_to":"","_links_to_target":""},"categories":[1],"tags":[],"class_list":["post-91950","post","type-post","status-publish","format-standard","has-post-thumbnail","hentry","category-geral"],"views":1990,"_links":{"self":[{"href":"https:\/\/www.sudoestehoje.com.br\/novoportal\/wp-json\/wp\/v2\/posts\/91950","targetHints":{"allow":["GET"]}}],"collection":[{"href":"https:\/\/www.sudoestehoje.com.br\/novoportal\/wp-json\/wp\/v2\/posts"}],"about":[{"href":"https:\/\/www.sudoestehoje.com.br\/novoportal\/wp-json\/wp\/v2\/types\/post"}],"author":[{"embeddable":true,"href":"https:\/\/www.sudoestehoje.com.br\/novoportal\/wp-json\/wp\/v2\/users\/2"}],"replies":[{"embeddable":true,"href":"https:\/\/www.sudoestehoje.com.br\/novoportal\/wp-json\/wp\/v2\/comments?post=91950"}],"version-history":[{"count":3,"href":"https:\/\/www.sudoestehoje.com.br\/novoportal\/wp-json\/wp\/v2\/posts\/91950\/revisions"}],"predecessor-version":[{"id":91958,"href":"https:\/\/www.sudoestehoje.com.br\/novoportal\/wp-json\/wp\/v2\/posts\/91950\/revisions\/91958"}],"wp:featuredmedia":[{"embeddable":true,"href":"https:\/\/www.sudoestehoje.com.br\/novoportal\/wp-json\/wp\/v2\/media\/91955"}],"wp:attachment":[{"href":"https:\/\/www.sudoestehoje.com.br\/novoportal\/wp-json\/wp\/v2\/media?parent=91950"}],"wp:term":[{"taxonomy":"category","embeddable":true,"href":"https:\/\/www.sudoestehoje.com.br\/novoportal\/wp-json\/wp\/v2\/categories?post=91950"},{"taxonomy":"post_tag","embeddable":true,"href":"https:\/\/www.sudoestehoje.com.br\/novoportal\/wp-json\/wp\/v2\/tags?post=91950"}],"curies":[{"name":"wp","href":"https:\/\/api.w.org\/{rel}","templated":true}]}}