
{"id":91939,"date":"2020-12-13T08:43:08","date_gmt":"2020-12-13T11:43:08","guid":{"rendered":"https:\/\/www.sudoestehoje.com.br\/novoportal\/?p=91939"},"modified":"2020-12-13T08:43:08","modified_gmt":"2020-12-13T11:43:08","slug":"michel-temer-e-cotado-para-assumir-ministerio-no-governo-bolsonaro","status":"publish","type":"post","link":"https:\/\/www.sudoestehoje.com.br\/novoportal\/2020\/12\/13\/michel-temer-e-cotado-para-assumir-ministerio-no-governo-bolsonaro\/","title":{"rendered":"MICHEL TEMER \u00c9 COTADO PARA ASSUMIR MINIST\u00c9RIO NO GOVERNO BOLSONARO"},"content":{"rendered":"<p><a href=\"https:\/\/www.sudoestehoje.com.br\/novoportal\/wp-content\/uploads\/2020\/12\/TEMER-E-BOLSONARO.jpg\"><img loading=\"lazy\" decoding=\"async\" class=\"aligncenter size-medium wp-image-91940\" src=\"https:\/\/www.sudoestehoje.com.br\/novoportal\/wp-content\/uploads\/2020\/12\/TEMER-E-BOLSONARO-500x304.jpg\" alt=\"\" width=\"500\" height=\"304\" srcset=\"https:\/\/www.sudoestehoje.com.br\/novoportal\/wp-content\/uploads\/2020\/12\/TEMER-E-BOLSONARO-500x304.jpg 500w, https:\/\/www.sudoestehoje.com.br\/novoportal\/wp-content\/uploads\/2020\/12\/TEMER-E-BOLSONARO-700x425.jpg 700w, https:\/\/www.sudoestehoje.com.br\/novoportal\/wp-content\/uploads\/2020\/12\/TEMER-E-BOLSONARO-768x466.jpg 768w, https:\/\/www.sudoestehoje.com.br\/novoportal\/wp-content\/uploads\/2020\/12\/TEMER-E-BOLSONARO.jpg 932w\" sizes=\"auto, (max-width: 500px) 100vw, 500px\" \/><\/a><\/p>\n<p>O nome do ex-presidente Michel Temer (MDB) est\u00e1 sendo cortejado para assumir um minist\u00e9rio no governo de Jair Bolsonaro (sem partido).<\/p>\n<p>De acordo com informa\u00e7\u00f5es da Folha de S.Paulo, o ex-presidente deve assumir o Itamaraty,\u00a0substituindo o catacl\u00edsmico Ernesto Ara\u00fajo.<\/p>\n<p>O nome de Temer \u00e9 cortejado sobretudo visando uma boa rela\u00e7\u00e3o com o presidente eleito nos Estados Unidos, o democrata Joe Biden, com quem Temer tem\u00a0 bom tr\u00e2nsito.<\/p>\n<p>O emedebista \u00e9 considerado um paj\u00e9 do centr\u00e3o e vem ajudando nas costuras para a presid\u00eancia do Senado.<\/p>\n","protected":false},"excerpt":{"rendered":"<p>O nome do ex-presidente Michel Temer (MDB) est\u00e1 sendo cortejado para assumir um minist\u00e9rio no governo de Jair Bolsonaro (sem partido). De acordo com informa\u00e7\u00f5es da Folha de S.Paulo, o ex-presidente deve assumir o Itamaraty,\u00a0substituindo o catacl\u00edsmico Ernesto Ara\u00fajo. O nome de Temer \u00e9 cortejado sobretudo visando uma boa rela\u00e7\u00e3o com o presidente eleito nos [&hellip;]<\/p>\n","protected":false},"author":2,"featured_media":91940,"comment_status":"open","ping_status":"open","sticky":false,"template":"","format":"standard","meta":{"footnotes":"","_links_to":"","_links_to_target":""},"categories":[1],"tags":[],"class_list":["post-91939","post","type-post","status-publish","format-standard","has-post-thumbnail","hentry","category-geral"],"views":1112,"_links":{"self":[{"href":"https:\/\/www.sudoestehoje.com.br\/novoportal\/wp-json\/wp\/v2\/posts\/91939","targetHints":{"allow":["GET"]}}],"collection":[{"href":"https:\/\/www.sudoestehoje.com.br\/novoportal\/wp-json\/wp\/v2\/posts"}],"about":[{"href":"https:\/\/www.sudoestehoje.com.br\/novoportal\/wp-json\/wp\/v2\/types\/post"}],"author":[{"embeddable":true,"href":"https:\/\/www.sudoestehoje.com.br\/novoportal\/wp-json\/wp\/v2\/users\/2"}],"replies":[{"embeddable":true,"href":"https:\/\/www.sudoestehoje.com.br\/novoportal\/wp-json\/wp\/v2\/comments?post=91939"}],"version-history":[{"count":3,"href":"https:\/\/www.sudoestehoje.com.br\/novoportal\/wp-json\/wp\/v2\/posts\/91939\/revisions"}],"predecessor-version":[{"id":91943,"href":"https:\/\/www.sudoestehoje.com.br\/novoportal\/wp-json\/wp\/v2\/posts\/91939\/revisions\/91943"}],"wp:featuredmedia":[{"embeddable":true,"href":"https:\/\/www.sudoestehoje.com.br\/novoportal\/wp-json\/wp\/v2\/media\/91940"}],"wp:attachment":[{"href":"https:\/\/www.sudoestehoje.com.br\/novoportal\/wp-json\/wp\/v2\/media?parent=91939"}],"wp:term":[{"taxonomy":"category","embeddable":true,"href":"https:\/\/www.sudoestehoje.com.br\/novoportal\/wp-json\/wp\/v2\/categories?post=91939"},{"taxonomy":"post_tag","embeddable":true,"href":"https:\/\/www.sudoestehoje.com.br\/novoportal\/wp-json\/wp\/v2\/tags?post=91939"}],"curies":[{"name":"wp","href":"https:\/\/api.w.org\/{rel}","templated":true}]}}