
{"id":91885,"date":"2020-12-11T19:00:29","date_gmt":"2020-12-11T22:00:29","guid":{"rendered":"https:\/\/www.sudoestehoje.com.br\/novoportal\/?p=91885"},"modified":"2020-12-11T19:00:29","modified_gmt":"2020-12-11T22:00:29","slug":"itapetinga-em-reuniao-de-lideres-fundacao-jose-silveira-apresenta-balanco-do-ano-e-perspectivas-para-2021","status":"publish","type":"post","link":"https:\/\/www.sudoestehoje.com.br\/novoportal\/2020\/12\/11\/itapetinga-em-reuniao-de-lideres-fundacao-jose-silveira-apresenta-balanco-do-ano-e-perspectivas-para-2021\/","title":{"rendered":"ITAPETINGA: EM REUNI\u00c3O DE L\u00cdDERES, FUNDA\u00c7\u00c3O JOS\u00c9 SILVEIRA APRESENTA BALAN\u00c7O DO ANO E PERSPECTIVAS PARA 2021"},"content":{"rendered":"<p><a href=\"https:\/\/www.sudoestehoje.com.br\/novoportal\/wp-content\/uploads\/2020\/12\/fjs-2.jpeg\"><img loading=\"lazy\" decoding=\"async\" class=\"aligncenter size-medium wp-image-91887\" src=\"https:\/\/www.sudoestehoje.com.br\/novoportal\/wp-content\/uploads\/2020\/12\/fjs-2-500x441.jpeg\" alt=\"\" width=\"500\" height=\"441\" srcset=\"https:\/\/www.sudoestehoje.com.br\/novoportal\/wp-content\/uploads\/2020\/12\/fjs-2-500x441.jpeg 500w, https:\/\/www.sudoestehoje.com.br\/novoportal\/wp-content\/uploads\/2020\/12\/fjs-2.jpeg 640w\" sizes=\"auto, (max-width: 500px) 100vw, 500px\" \/><\/a><br \/>\nA coordena\u00e7\u00e3o Funda\u00e7\u00e3o Jos\u00e9 Silveira em Itapetinga promoveu, nesta quinta-feira (10), uma reuni\u00e3o com os l\u00edderes de cada setor no munic\u00edpio.<\/p>\n<p>Na oportunidade foi realizado um balan\u00e7o de a\u00e7\u00f5es do ano de 2020, al\u00e9m das perspectivas para o ano de 2021.<\/p>\n<p>Durante a reuni\u00e3o, o coordenador administrativo da Unidade, Hernando Lemos apresentou dados e \u00edndices referentes ao ano vigente no Hospital Cristo Redentor.<a href=\"https:\/\/www.sudoestehoje.com.br\/novoportal\/wp-content\/uploads\/2020\/12\/fjs-1.jpeg\"><img loading=\"lazy\" decoding=\"async\" class=\"aligncenter size-medium wp-image-91886\" src=\"https:\/\/www.sudoestehoje.com.br\/novoportal\/wp-content\/uploads\/2020\/12\/fjs-1-500x316.jpeg\" alt=\"\" width=\"500\" height=\"316\" srcset=\"https:\/\/www.sudoestehoje.com.br\/novoportal\/wp-content\/uploads\/2020\/12\/fjs-1-500x316.jpeg 500w, https:\/\/www.sudoestehoje.com.br\/novoportal\/wp-content\/uploads\/2020\/12\/fjs-1.jpeg 640w\" sizes=\"auto, (max-width: 500px) 100vw, 500px\" \/><\/a><\/p>\n<p>Foi tra\u00e7ado a cada l\u00edder, o planejamento estrat\u00e9gico para o ano vindouro, como tamb\u00e9m as perspectivas de avan\u00e7os na Unidade.<\/p>\n<p>Em 2020, o Hospital Cristo Redentor recebeu investimentos nas \u00e1reas de infraestrutura, com a reforma dos apartamentos, cria\u00e7\u00e3o de leitos de COVID-19, como tamb\u00e9m promoveu a contrata\u00e7\u00e3o de novos profissionais. As alas receberam novos equipamentos, como respiradores (ventiladores mec\u00e2nicos), dentre outros avan\u00e7os.<\/p>\n<p><a href=\"https:\/\/www.sudoestehoje.com.br\/novoportal\/wp-content\/uploads\/2020\/12\/fjs-3.jpeg\"><img loading=\"lazy\" decoding=\"async\" class=\"aligncenter size-medium wp-image-91888\" src=\"https:\/\/www.sudoestehoje.com.br\/novoportal\/wp-content\/uploads\/2020\/12\/fjs-3-500x512.jpeg\" alt=\"\" width=\"500\" height=\"512\" srcset=\"https:\/\/www.sudoestehoje.com.br\/novoportal\/wp-content\/uploads\/2020\/12\/fjs-3-500x512.jpeg 500w, https:\/\/www.sudoestehoje.com.br\/novoportal\/wp-content\/uploads\/2020\/12\/fjs-3.jpeg 640w\" sizes=\"auto, (max-width: 500px) 100vw, 500px\" \/><\/a><\/p>\n<p>Ao final do encontro aconteceu um momento com din\u00e2mica de grupo, como tamb\u00e9m foi realizada a premia\u00e7\u00e3o dos colaboradores destaque, l\u00edder e revela\u00e7\u00e3o do ano de 2020.<\/p>\n<p>De acordo com a coordenadora geral da FJS em Itapetinga, Ana B\u00e1rbara Matos, o ano foi marcado por grandes desafios na \u00e1rea da Sa\u00fade, principalmente por conta da pandemia, mas com a f\u00e9 em Deus e muito trabalho, eles est\u00e3o sendo vencidos.<\/p>\n<p><a href=\"https:\/\/www.sudoestehoje.com.br\/novoportal\/wp-content\/uploads\/2020\/12\/fjs-4.jpeg\"><img loading=\"lazy\" decoding=\"async\" class=\"aligncenter size-medium wp-image-91889\" src=\"https:\/\/www.sudoestehoje.com.br\/novoportal\/wp-content\/uploads\/2020\/12\/fjs-4-500x393.jpeg\" alt=\"\" width=\"500\" height=\"393\" srcset=\"https:\/\/www.sudoestehoje.com.br\/novoportal\/wp-content\/uploads\/2020\/12\/fjs-4-500x393.jpeg 500w, https:\/\/www.sudoestehoje.com.br\/novoportal\/wp-content\/uploads\/2020\/12\/fjs-4.jpeg 640w\" sizes=\"auto, (max-width: 500px) 100vw, 500px\" \/><\/a><\/p>\n<p>\u201cGra\u00e7as a Deus, chegamos at\u00e9 aqui com Sa\u00fade, vencendo cada adversidade desse ano dif\u00edcil. Agrade\u00e7o aos nossos colaboradores pela dedica\u00e7\u00e3o e empenho na realiza\u00e7\u00e3o das suas atividades, ao nosso padrinho na \u00e1rea da Sa\u00fade, o deputado federal Ant\u00f4nio Brito pelo seu apoio incondicional na viabiliza\u00e7\u00e3o de recursos para a nossa Unidade, como tamb\u00e9m as Secretarias de Sa\u00fade do Munic\u00edpio de Itapetinga e Estado da Bahia, parceiras importantes da nossa Unidade. Esperamos que 2021 seja mais um ano aben\u00e7oado e cheio de realiza\u00e7\u00f5es para que a gente possa comemorar junto a nossa comunidade\u201d finalizou Ana B\u00e1rbara.<\/p>\n","protected":false},"excerpt":{"rendered":"<p>A coordena\u00e7\u00e3o Funda\u00e7\u00e3o Jos\u00e9 Silveira em Itapetinga promoveu, nesta quinta-feira (10), uma reuni\u00e3o com os l\u00edderes de cada setor no munic\u00edpio. Na oportunidade foi realizado um balan\u00e7o de a\u00e7\u00f5es do ano de 2020, al\u00e9m das perspectivas para o ano de 2021. Durante a reuni\u00e3o, o coordenador administrativo da Unidade, Hernando Lemos apresentou dados e \u00edndices [&hellip;]<\/p>\n","protected":false},"author":2,"featured_media":91887,"comment_status":"open","ping_status":"open","sticky":false,"template":"","format":"standard","meta":{"footnotes":"","_links_to":"","_links_to_target":""},"categories":[1],"tags":[],"class_list":["post-91885","post","type-post","status-publish","format-standard","has-post-thumbnail","hentry","category-geral"],"views":892,"_links":{"self":[{"href":"https:\/\/www.sudoestehoje.com.br\/novoportal\/wp-json\/wp\/v2\/posts\/91885","targetHints":{"allow":["GET"]}}],"collection":[{"href":"https:\/\/www.sudoestehoje.com.br\/novoportal\/wp-json\/wp\/v2\/posts"}],"about":[{"href":"https:\/\/www.sudoestehoje.com.br\/novoportal\/wp-json\/wp\/v2\/types\/post"}],"author":[{"embeddable":true,"href":"https:\/\/www.sudoestehoje.com.br\/novoportal\/wp-json\/wp\/v2\/users\/2"}],"replies":[{"embeddable":true,"href":"https:\/\/www.sudoestehoje.com.br\/novoportal\/wp-json\/wp\/v2\/comments?post=91885"}],"version-history":[{"count":1,"href":"https:\/\/www.sudoestehoje.com.br\/novoportal\/wp-json\/wp\/v2\/posts\/91885\/revisions"}],"predecessor-version":[{"id":91890,"href":"https:\/\/www.sudoestehoje.com.br\/novoportal\/wp-json\/wp\/v2\/posts\/91885\/revisions\/91890"}],"wp:featuredmedia":[{"embeddable":true,"href":"https:\/\/www.sudoestehoje.com.br\/novoportal\/wp-json\/wp\/v2\/media\/91887"}],"wp:attachment":[{"href":"https:\/\/www.sudoestehoje.com.br\/novoportal\/wp-json\/wp\/v2\/media?parent=91885"}],"wp:term":[{"taxonomy":"category","embeddable":true,"href":"https:\/\/www.sudoestehoje.com.br\/novoportal\/wp-json\/wp\/v2\/categories?post=91885"},{"taxonomy":"post_tag","embeddable":true,"href":"https:\/\/www.sudoestehoje.com.br\/novoportal\/wp-json\/wp\/v2\/tags?post=91885"}],"curies":[{"name":"wp","href":"https:\/\/api.w.org\/{rel}","templated":true}]}}