
{"id":91877,"date":"2020-12-11T16:33:28","date_gmt":"2020-12-11T19:33:28","guid":{"rendered":"https:\/\/www.sudoestehoje.com.br\/novoportal\/?p=91877"},"modified":"2020-12-11T16:33:28","modified_gmt":"2020-12-11T19:33:28","slug":"salvador-prefeito-de-cidade-baiana-e-mulher-sao-achados-mortos-em-condominio-na-paralela","status":"publish","type":"post","link":"https:\/\/www.sudoestehoje.com.br\/novoportal\/2020\/12\/11\/salvador-prefeito-de-cidade-baiana-e-mulher-sao-achados-mortos-em-condominio-na-paralela\/","title":{"rendered":"SALVADOR: PREFEITO DE CIDADE BAIANA E MULHER S\u00c3O ACHADOS MORTOS EM CONDOMINIO NA PARALELA"},"content":{"rendered":"<p><a href=\"https:\/\/www.sudoestehoje.com.br\/novoportal\/wp-content\/uploads\/2020\/12\/elba_pompilio_reproducao_bahia_noticia.jpeg\"><img loading=\"lazy\" decoding=\"async\" class=\"aligncenter size-medium wp-image-91883\" src=\"https:\/\/www.sudoestehoje.com.br\/novoportal\/wp-content\/uploads\/2020\/12\/elba_pompilio_reproducao_bahia_noticia-500x500.jpeg\" alt=\"\" width=\"500\" height=\"500\" srcset=\"https:\/\/www.sudoestehoje.com.br\/novoportal\/wp-content\/uploads\/2020\/12\/elba_pompilio_reproducao_bahia_noticia-500x500.jpeg 500w, https:\/\/www.sudoestehoje.com.br\/novoportal\/wp-content\/uploads\/2020\/12\/elba_pompilio_reproducao_bahia_noticia-700x700.jpeg 700w, https:\/\/www.sudoestehoje.com.br\/novoportal\/wp-content\/uploads\/2020\/12\/elba_pompilio_reproducao_bahia_noticia-150x150.jpeg 150w, https:\/\/www.sudoestehoje.com.br\/novoportal\/wp-content\/uploads\/2020\/12\/elba_pompilio_reproducao_bahia_noticia-768x768.jpeg 768w, https:\/\/www.sudoestehoje.com.br\/novoportal\/wp-content\/uploads\/2020\/12\/elba_pompilio_reproducao_bahia_noticia.jpeg 960w\" sizes=\"auto, (max-width: 500px) 100vw, 500px\" \/><\/a><\/p>\n<p>Os corpos de um casal foram encontrados na manh\u00e3 desta sexta-feira (11) em um apartamento do condom\u00ednio Le Parc, na Avenida Paralela, segundo a pol\u00edcia.\u00a0 Eles foram identificados como\u00a0Raimundo da Cruz Bastos, prefeito de Concei\u00e7\u00e3o de Feira, e a esposa,\u00a0Elba Rejane Silva.<\/p>\n<p>Dentro da casa, que n\u00e3o tinha sinais de arrombamento, foi achada uma arma. A principal suspeita \u00e9 que tenha ocorrido um homic\u00eddio seguido de suic\u00eddio. Equipes do Departamento de Homic\u00eddios e Prote\u00e7\u00e3o \u00e0 Pessoa (DHPP) est\u00e3o no local para iniciar as investiga\u00e7\u00f5es.<\/p>\n<p class=\"bodytext\">Conhecido como Pomp\u00edlio, nome do pai, o prefeito estava ao fim do segundo mandato em Concei\u00e7\u00e3o de Feira.\u00a0O pol\u00edtico era filiado ao PSD. Al\u00e9m de prefeito, era tamb\u00e9m avicultor e tinha propriedades em Salvador e Feira de Santana. Os dois deixam uma filha. Ele ainda\u00a0tinha duas filhas de um relacionamento anterior e ela tinha um\u00a0filho, tamb\u00e9m de outra rela\u00e7\u00e3o. Os dois estavam casados h\u00e1 cerca de 15 anos.<a href=\"https:\/\/www.sudoestehoje.com.br\/novoportal\/wp-content\/uploads\/2020\/12\/LE-PARK.jpeg\"><img loading=\"lazy\" decoding=\"async\" class=\"aligncenter size-medium wp-image-91882\" src=\"https:\/\/www.sudoestehoje.com.br\/novoportal\/wp-content\/uploads\/2020\/12\/LE-PARK-500x334.jpeg\" alt=\"\" width=\"500\" height=\"334\" srcset=\"https:\/\/www.sudoestehoje.com.br\/novoportal\/wp-content\/uploads\/2020\/12\/LE-PARK-500x334.jpeg 500w, https:\/\/www.sudoestehoje.com.br\/novoportal\/wp-content\/uploads\/2020\/12\/LE-PARK-700x467.jpeg 700w, https:\/\/www.sudoestehoje.com.br\/novoportal\/wp-content\/uploads\/2020\/12\/LE-PARK-768x512.jpeg 768w, https:\/\/www.sudoestehoje.com.br\/novoportal\/wp-content\/uploads\/2020\/12\/LE-PARK.jpeg 940w\" sizes=\"auto, (max-width: 500px) 100vw, 500px\" \/><\/a><\/p>\n<p class=\"bodytext\">Em uma homenagem no anivers\u00e1rio do marido, h\u00e1 dois anos, Rejane postou um texto elogiando Pomp\u00edlio. \u201cMeu marido, meu amor, minha vida. Desde o dia em que dissemos o \u2018sim\u2019, e at\u00e9 mesmo antes, que sua exist\u00eancia se tornou em uma extens\u00e3o da minha. Desde esse dia nossas vidas se uniram, se entrela\u00e7aram em perfei\u00e7\u00e3o, para o bem e para o mal, e assim tem sido at\u00e9 agora. E por tudo isso e por muito mais, eu lhe agrade\u00e7o com todo meu amor \u2013 obrigada, meu marido!&#8221;, dizia parte da mensagem. <em>\/\/Correio<\/em><\/p>\n","protected":false},"excerpt":{"rendered":"<p>Os corpos de um casal foram encontrados na manh\u00e3 desta sexta-feira (11) em um apartamento do condom\u00ednio Le Parc, na Avenida Paralela, segundo a pol\u00edcia.\u00a0 Eles foram identificados como\u00a0Raimundo da Cruz Bastos, prefeito de Concei\u00e7\u00e3o de Feira, e a esposa,\u00a0Elba Rejane Silva. Dentro da casa, que n\u00e3o tinha sinais de arrombamento, foi achada uma arma. [&hellip;]<\/p>\n","protected":false},"author":2,"featured_media":91883,"comment_status":"open","ping_status":"open","sticky":false,"template":"","format":"standard","meta":{"footnotes":"","_links_to":"","_links_to_target":""},"categories":[1],"tags":[],"class_list":["post-91877","post","type-post","status-publish","format-standard","has-post-thumbnail","hentry","category-geral"],"views":1531,"_links":{"self":[{"href":"https:\/\/www.sudoestehoje.com.br\/novoportal\/wp-json\/wp\/v2\/posts\/91877","targetHints":{"allow":["GET"]}}],"collection":[{"href":"https:\/\/www.sudoestehoje.com.br\/novoportal\/wp-json\/wp\/v2\/posts"}],"about":[{"href":"https:\/\/www.sudoestehoje.com.br\/novoportal\/wp-json\/wp\/v2\/types\/post"}],"author":[{"embeddable":true,"href":"https:\/\/www.sudoestehoje.com.br\/novoportal\/wp-json\/wp\/v2\/users\/2"}],"replies":[{"embeddable":true,"href":"https:\/\/www.sudoestehoje.com.br\/novoportal\/wp-json\/wp\/v2\/comments?post=91877"}],"version-history":[{"count":5,"href":"https:\/\/www.sudoestehoje.com.br\/novoportal\/wp-json\/wp\/v2\/posts\/91877\/revisions"}],"predecessor-version":[{"id":91884,"href":"https:\/\/www.sudoestehoje.com.br\/novoportal\/wp-json\/wp\/v2\/posts\/91877\/revisions\/91884"}],"wp:featuredmedia":[{"embeddable":true,"href":"https:\/\/www.sudoestehoje.com.br\/novoportal\/wp-json\/wp\/v2\/media\/91883"}],"wp:attachment":[{"href":"https:\/\/www.sudoestehoje.com.br\/novoportal\/wp-json\/wp\/v2\/media?parent=91877"}],"wp:term":[{"taxonomy":"category","embeddable":true,"href":"https:\/\/www.sudoestehoje.com.br\/novoportal\/wp-json\/wp\/v2\/categories?post=91877"},{"taxonomy":"post_tag","embeddable":true,"href":"https:\/\/www.sudoestehoje.com.br\/novoportal\/wp-json\/wp\/v2\/tags?post=91877"}],"curies":[{"name":"wp","href":"https:\/\/api.w.org\/{rel}","templated":true}]}}