
{"id":91845,"date":"2020-12-09T19:20:01","date_gmt":"2020-12-09T22:20:01","guid":{"rendered":"https:\/\/www.sudoestehoje.com.br\/novoportal\/?p=91845"},"modified":"2020-12-09T21:20:28","modified_gmt":"2020-12-10T00:20:28","slug":"itapetinga-vereadores-eleogiam-curso-ministrado-por-alfredo-cabral","status":"publish","type":"post","link":"https:\/\/www.sudoestehoje.com.br\/novoportal\/2020\/12\/09\/itapetinga-vereadores-eleogiam-curso-ministrado-por-alfredo-cabral\/","title":{"rendered":"ITAPETINGA: VEREADORES ELOGIAM PALESTRA MINISTRADA POR ALFREDO CABRAL"},"content":{"rendered":"<p><a href=\"https:\/\/www.sudoestehoje.com.br\/novoportal\/wp-content\/uploads\/2020\/12\/curso-alfredo.jpeg\"><img loading=\"lazy\" decoding=\"async\" class=\"aligncenter size-medium wp-image-91846\" src=\"https:\/\/www.sudoestehoje.com.br\/novoportal\/wp-content\/uploads\/2020\/12\/curso-alfredo-500x375.jpeg\" alt=\"\" width=\"500\" height=\"375\" srcset=\"https:\/\/www.sudoestehoje.com.br\/novoportal\/wp-content\/uploads\/2020\/12\/curso-alfredo-500x375.jpeg 500w, https:\/\/www.sudoestehoje.com.br\/novoportal\/wp-content\/uploads\/2020\/12\/curso-alfredo-700x525.jpeg 700w, https:\/\/www.sudoestehoje.com.br\/novoportal\/wp-content\/uploads\/2020\/12\/curso-alfredo-768x576.jpeg 768w, https:\/\/www.sudoestehoje.com.br\/novoportal\/wp-content\/uploads\/2020\/12\/curso-alfredo.jpeg 1280w\" sizes=\"auto, (max-width: 500px) 100vw, 500px\" \/><\/a><\/p>\n<p>Numa iniciativa do contabilista Alfredo Cabral, da CONTABIL, foi realizado nesta ter\u00e7a-feira (8), em Itapetinga, uma palestra direcionada aos novos vereadores eleitos em 15 de novembro, nas cidades da regi\u00e3o.<\/p>\n<p>O curso abordou temas relacionados \u00e0 Lei Org\u00e2nica de cada munic\u00edpio participante e os Regimentos Internos das c\u00e2mara municipais, al\u00e9m de T\u00e9cnica Legislativa com treinamento na elabora\u00e7\u00e3o de projetos de lei, requerimentos, indica\u00e7\u00f5es e mo\u00e7\u00f5es.<\/p>\n<p>A palestra foi muito elogiada pelos participantes, principalmente o vereador Helder de Bandeira do Col\u00f4nia (PSC), eleito para o seu primeiro mandato, com expressiva vota\u00e7\u00e3o.<\/p>\n<p>&#8220;Alfredo Cabral demonstrou enorme conhecimento na \u00e1rea legislativa e tirou todas as nossas d\u00favidas sobre o exerc\u00edcio do mandato. Com o curso, sinto mais seguran\u00e7a para iniciar os meus trabalhos com vereador, representando o nosso distrito&#8221;, pontuou Helder.<\/p>\n<p>Al\u00e9m de Helder de Bandeira, participaram da palestra os vereadores Peto (MDB), Leo Matos (PSD), pastor Evandro (PSD), assessores, dentre outros.<\/p>\n<p><strong><em>Por Davi Ferraz<\/em><\/strong><\/p>\n","protected":false},"excerpt":{"rendered":"<p>Numa iniciativa do contabilista Alfredo Cabral, da CONTABIL, foi realizado nesta ter\u00e7a-feira (8), em Itapetinga, uma palestra direcionada aos novos vereadores eleitos em 15 de novembro, nas cidades da regi\u00e3o. O curso abordou temas relacionados \u00e0 Lei Org\u00e2nica de cada munic\u00edpio participante e os Regimentos Internos das c\u00e2mara municipais, al\u00e9m de T\u00e9cnica Legislativa com treinamento [&hellip;]<\/p>\n","protected":false},"author":2,"featured_media":91846,"comment_status":"open","ping_status":"open","sticky":false,"template":"","format":"standard","meta":{"footnotes":"","_links_to":"","_links_to_target":""},"categories":[1],"tags":[],"class_list":["post-91845","post","type-post","status-publish","format-standard","has-post-thumbnail","hentry","category-geral"],"views":923,"_links":{"self":[{"href":"https:\/\/www.sudoestehoje.com.br\/novoportal\/wp-json\/wp\/v2\/posts\/91845","targetHints":{"allow":["GET"]}}],"collection":[{"href":"https:\/\/www.sudoestehoje.com.br\/novoportal\/wp-json\/wp\/v2\/posts"}],"about":[{"href":"https:\/\/www.sudoestehoje.com.br\/novoportal\/wp-json\/wp\/v2\/types\/post"}],"author":[{"embeddable":true,"href":"https:\/\/www.sudoestehoje.com.br\/novoportal\/wp-json\/wp\/v2\/users\/2"}],"replies":[{"embeddable":true,"href":"https:\/\/www.sudoestehoje.com.br\/novoportal\/wp-json\/wp\/v2\/comments?post=91845"}],"version-history":[{"count":4,"href":"https:\/\/www.sudoestehoje.com.br\/novoportal\/wp-json\/wp\/v2\/posts\/91845\/revisions"}],"predecessor-version":[{"id":91854,"href":"https:\/\/www.sudoestehoje.com.br\/novoportal\/wp-json\/wp\/v2\/posts\/91845\/revisions\/91854"}],"wp:featuredmedia":[{"embeddable":true,"href":"https:\/\/www.sudoestehoje.com.br\/novoportal\/wp-json\/wp\/v2\/media\/91846"}],"wp:attachment":[{"href":"https:\/\/www.sudoestehoje.com.br\/novoportal\/wp-json\/wp\/v2\/media?parent=91845"}],"wp:term":[{"taxonomy":"category","embeddable":true,"href":"https:\/\/www.sudoestehoje.com.br\/novoportal\/wp-json\/wp\/v2\/categories?post=91845"},{"taxonomy":"post_tag","embeddable":true,"href":"https:\/\/www.sudoestehoje.com.br\/novoportal\/wp-json\/wp\/v2\/tags?post=91845"}],"curies":[{"name":"wp","href":"https:\/\/api.w.org\/{rel}","templated":true}]}}