
{"id":91831,"date":"2020-12-09T08:22:54","date_gmt":"2020-12-09T11:22:54","guid":{"rendered":"https:\/\/www.sudoestehoje.com.br\/novoportal\/?p=91831"},"modified":"2020-12-09T09:04:11","modified_gmt":"2020-12-09T12:04:11","slug":"regiao-incendio-destroi-onibus-escolares-em-barra-do-choca","status":"publish","type":"post","link":"https:\/\/www.sudoestehoje.com.br\/novoportal\/2020\/12\/09\/regiao-incendio-destroi-onibus-escolares-em-barra-do-choca\/","title":{"rendered":"REGI\u00c3O: INC\u00caNDIO DESTR\u00d3I 7 \u00d4NIBUS ESCOLARES EM BARRA DO CHO\u00c7A"},"content":{"rendered":"<p><a href=\"https:\/\/www.sudoestehoje.com.br\/novoportal\/wp-content\/uploads\/2020\/12\/incendio-onibus.jpg\"><img loading=\"lazy\" decoding=\"async\" class=\"aligncenter size-medium wp-image-91833\" src=\"https:\/\/www.sudoestehoje.com.br\/novoportal\/wp-content\/uploads\/2020\/12\/incendio-onibus-500x230.jpg\" alt=\"\" width=\"500\" height=\"230\" srcset=\"https:\/\/www.sudoestehoje.com.br\/novoportal\/wp-content\/uploads\/2020\/12\/incendio-onibus-500x230.jpg 500w, https:\/\/www.sudoestehoje.com.br\/novoportal\/wp-content\/uploads\/2020\/12\/incendio-onibus-700x323.jpg 700w, https:\/\/www.sudoestehoje.com.br\/novoportal\/wp-content\/uploads\/2020\/12\/incendio-onibus.jpg 768w\" sizes=\"auto, (max-width: 500px) 100vw, 500px\" \/><\/a><\/p>\n<p>Sete \u00f4nibus escolares, uma van e duas motos pegaram fogo na madrugada desta quarta-feira (9) no p\u00e1tio da prefeitura de Barra do Cho\u00e7a, no Sudoeste baiano. Conforme a Pol\u00edcia Militar, at\u00e9 o momento n\u00e3o se sabe como as chamas come\u00e7aram. O fogo teve in\u00edcio por volta das 3h30.<\/p>\n<p>\u00c0 TV Sudoeste, o prefeito Adiosvaldo Ara\u00fajo disse que o inc\u00eandio pode ter sido criminoso, mas afirmou que apenas uma per\u00edcia pode revelar as causas do ocorrido.<\/p>\n<p>Al\u00e9m dos ve\u00edculos, o inc\u00eandio destruiu outros materiais armazenados na garagem da prefeitura. O fogo come\u00e7ou a ser debelado por funcion\u00e1rios da prefeitura, testemunhas e agentes da Guarda Municipal, mas o trabalho precisou do apoio do Corpo de Bombeiros. Apesar do inc\u00eandio, n\u00e3o houve feridos.<\/p>\n","protected":false},"excerpt":{"rendered":"<p>Sete \u00f4nibus escolares, uma van e duas motos pegaram fogo na madrugada desta quarta-feira (9) no p\u00e1tio da prefeitura de Barra do Cho\u00e7a, no Sudoeste baiano. Conforme a Pol\u00edcia Militar, at\u00e9 o momento n\u00e3o se sabe como as chamas come\u00e7aram. O fogo teve in\u00edcio por volta das 3h30. \u00c0 TV Sudoeste, o prefeito Adiosvaldo Ara\u00fajo [&hellip;]<\/p>\n","protected":false},"author":2,"featured_media":91833,"comment_status":"open","ping_status":"open","sticky":false,"template":"","format":"standard","meta":{"footnotes":"","_links_to":"","_links_to_target":""},"categories":[1],"tags":[],"class_list":["post-91831","post","type-post","status-publish","format-standard","has-post-thumbnail","hentry","category-geral"],"views":958,"_links":{"self":[{"href":"https:\/\/www.sudoestehoje.com.br\/novoportal\/wp-json\/wp\/v2\/posts\/91831","targetHints":{"allow":["GET"]}}],"collection":[{"href":"https:\/\/www.sudoestehoje.com.br\/novoportal\/wp-json\/wp\/v2\/posts"}],"about":[{"href":"https:\/\/www.sudoestehoje.com.br\/novoportal\/wp-json\/wp\/v2\/types\/post"}],"author":[{"embeddable":true,"href":"https:\/\/www.sudoestehoje.com.br\/novoportal\/wp-json\/wp\/v2\/users\/2"}],"replies":[{"embeddable":true,"href":"https:\/\/www.sudoestehoje.com.br\/novoportal\/wp-json\/wp\/v2\/comments?post=91831"}],"version-history":[{"count":4,"href":"https:\/\/www.sudoestehoje.com.br\/novoportal\/wp-json\/wp\/v2\/posts\/91831\/revisions"}],"predecessor-version":[{"id":91836,"href":"https:\/\/www.sudoestehoje.com.br\/novoportal\/wp-json\/wp\/v2\/posts\/91831\/revisions\/91836"}],"wp:featuredmedia":[{"embeddable":true,"href":"https:\/\/www.sudoestehoje.com.br\/novoportal\/wp-json\/wp\/v2\/media\/91833"}],"wp:attachment":[{"href":"https:\/\/www.sudoestehoje.com.br\/novoportal\/wp-json\/wp\/v2\/media?parent=91831"}],"wp:term":[{"taxonomy":"category","embeddable":true,"href":"https:\/\/www.sudoestehoje.com.br\/novoportal\/wp-json\/wp\/v2\/categories?post=91831"},{"taxonomy":"post_tag","embeddable":true,"href":"https:\/\/www.sudoestehoje.com.br\/novoportal\/wp-json\/wp\/v2\/tags?post=91831"}],"curies":[{"name":"wp","href":"https:\/\/api.w.org\/{rel}","templated":true}]}}