
{"id":91785,"date":"2020-12-05T18:10:14","date_gmt":"2020-12-05T21:10:14","guid":{"rendered":"https:\/\/www.sudoestehoje.com.br\/novoportal\/?p=91785"},"modified":"2020-12-05T20:34:49","modified_gmt":"2020-12-05T23:34:49","slug":"itapetinga-aos-93-anos-michel-hagge-e-simbolo-de-longevidade-e-lideranca","status":"publish","type":"post","link":"https:\/\/www.sudoestehoje.com.br\/novoportal\/2020\/12\/05\/itapetinga-aos-93-anos-michel-hagge-e-simbolo-de-longevidade-e-lideranca\/","title":{"rendered":"ITAPETINGA: AOS 93 ANOS, MICHEL HAGGE \u00c9 S\u00cdMBOLO DE LONGEVIDADE E LIDERAN\u00c7A"},"content":{"rendered":"<p><a href=\"https:\/\/www.sudoestehoje.com.br\/novoportal\/wp-content\/uploads\/2020\/12\/Michel-Hagge.jpg\"><img loading=\"lazy\" decoding=\"async\" class=\"aligncenter wp-image-91786\" src=\"https:\/\/www.sudoestehoje.com.br\/novoportal\/wp-content\/uploads\/2020\/12\/Michel-Hagge.jpg\" alt=\"\" width=\"501\" height=\"567\" \/><\/a><\/p>\n<p>Conheci Michel pessoalmente em 1980, quando conclui meu curso de Direito em Salvador e vim iniciar a carreira de advogado em Itapetinga, minha terra.<\/p>\n<p>Tenho a clara lembran\u00e7a do dia em que ele encostou a caminhonete ali pr\u00f3ximo aos Correio e se dirigiu a mim, com sua voz rouca: &#8220;Voc\u00ea \u00e9 o filho do velho Davo? Queria lhe convidar para uma reuni\u00e3o na casa de Manuelzinho Fernandes, para criar o novo partido de Tancredo Neves, o PP. Dr. Roberto Santos vai estar l\u00e1&#8230;&#8221;<\/p>\n<p>A partir da funda\u00e7\u00e3o do PP (Partido Popular), come\u00e7ava a jornada de Michel e um grupo de amigos, na forma\u00e7\u00e3o dessa grande lideran\u00e7a pol\u00edtica que todos conhecemos, apesar da sua jornada pol\u00edtica em Itapetinga ter come\u00e7ado bem antes, l\u00e1 por volta de 1958.<\/p>\n<p>O PP nacional acabou se fundindo com o antigo MDB e formando o PMDB de Ulisses Guimar\u00e3es e Tancredo Neves, partido que iria dominar o cen\u00e1rio pol\u00edtico brasileiro\u00a0por muitos anos, ap\u00f3s a redemocratiza\u00e7\u00e3o.<\/p>\n<p>O nome de Michel como candidato a prefeito surgiu atrav\u00e9s de uma enquete feita pelo Jornal Dimens\u00e3o, em 1981, com urnas na Alameda Rui Barbosa e outros locais da cidade. Ansiosa por mudan\u00e7as, a popula\u00e7\u00e3o de Itapetinga escolheu o nome de Michel como prov\u00e1vel candidato, dentre outros. Michel se candidatou e venceu as elei\u00e7\u00f5es de 1982, para o seu primeiro mandato.<\/p>\n<p>Ali nascia o l\u00edder que todos conhecemos, com suas virtudes e defeitos, mas, acima de tudo, com muito amor e trabalho na constru\u00e7\u00e3o de Itapetinga. O resto da hist\u00f3ria todos conhecem&#8230;<\/p>\n<p>Hoje,\u00a0 ao ver Michel chegar aos 93 anos de vida, com tanto vigor, determina\u00e7\u00e3o e senso de lideran\u00e7a, se tornou dif\u00edcil evitar esse <em>flash back,<\/em> de como tudo come\u00e7ou.<\/p>\n<p>Parab\u00e9ns, velho amigo, seu exemplo \u00e9 \u00fanico e incompar\u00e1vel.<\/p>\n<p><em><strong>Por Dav\u00ed Ferraz<\/strong><\/em><\/p>\n","protected":false},"excerpt":{"rendered":"<p>Conheci Michel pessoalmente em 1980, quando conclui meu curso de Direito em Salvador e vim iniciar a carreira de advogado em Itapetinga, minha terra. Tenho a clara lembran\u00e7a do dia em que ele encostou a caminhonete ali pr\u00f3ximo aos Correio e se dirigiu a mim, com sua voz rouca: &#8220;Voc\u00ea \u00e9 o filho do velho [&hellip;]<\/p>\n","protected":false},"author":2,"featured_media":91786,"comment_status":"open","ping_status":"open","sticky":false,"template":"","format":"standard","meta":{"footnotes":"","_links_to":"","_links_to_target":""},"categories":[1],"tags":[],"class_list":["post-91785","post","type-post","status-publish","format-standard","has-post-thumbnail","hentry","category-geral"],"views":1427,"_links":{"self":[{"href":"https:\/\/www.sudoestehoje.com.br\/novoportal\/wp-json\/wp\/v2\/posts\/91785","targetHints":{"allow":["GET"]}}],"collection":[{"href":"https:\/\/www.sudoestehoje.com.br\/novoportal\/wp-json\/wp\/v2\/posts"}],"about":[{"href":"https:\/\/www.sudoestehoje.com.br\/novoportal\/wp-json\/wp\/v2\/types\/post"}],"author":[{"embeddable":true,"href":"https:\/\/www.sudoestehoje.com.br\/novoportal\/wp-json\/wp\/v2\/users\/2"}],"replies":[{"embeddable":true,"href":"https:\/\/www.sudoestehoje.com.br\/novoportal\/wp-json\/wp\/v2\/comments?post=91785"}],"version-history":[{"count":2,"href":"https:\/\/www.sudoestehoje.com.br\/novoportal\/wp-json\/wp\/v2\/posts\/91785\/revisions"}],"predecessor-version":[{"id":91788,"href":"https:\/\/www.sudoestehoje.com.br\/novoportal\/wp-json\/wp\/v2\/posts\/91785\/revisions\/91788"}],"wp:featuredmedia":[{"embeddable":true,"href":"https:\/\/www.sudoestehoje.com.br\/novoportal\/wp-json\/wp\/v2\/media\/91786"}],"wp:attachment":[{"href":"https:\/\/www.sudoestehoje.com.br\/novoportal\/wp-json\/wp\/v2\/media?parent=91785"}],"wp:term":[{"taxonomy":"category","embeddable":true,"href":"https:\/\/www.sudoestehoje.com.br\/novoportal\/wp-json\/wp\/v2\/categories?post=91785"},{"taxonomy":"post_tag","embeddable":true,"href":"https:\/\/www.sudoestehoje.com.br\/novoportal\/wp-json\/wp\/v2\/tags?post=91785"}],"curies":[{"name":"wp","href":"https:\/\/api.w.org\/{rel}","templated":true}]}}