
{"id":91760,"date":"2020-12-04T17:31:17","date_gmt":"2020-12-04T20:31:17","guid":{"rendered":"https:\/\/www.sudoestehoje.com.br\/novoportal\/?p=91760"},"modified":"2020-12-04T17:31:17","modified_gmt":"2020-12-04T20:31:17","slug":"genoino-critica-wagner-por-associar-lula-as-derrotas-do-pt-nas-eleicoes-municipais","status":"publish","type":"post","link":"https:\/\/www.sudoestehoje.com.br\/novoportal\/2020\/12\/04\/genoino-critica-wagner-por-associar-lula-as-derrotas-do-pt-nas-eleicoes-municipais\/","title":{"rendered":"GENOINO CRITICA WAGNER POR ASSOCIAR LULA \u00c0S DERROTAS DO PT NAS ELEI\u00c7\u00d5ES MUNICIPAIS"},"content":{"rendered":"<p><a href=\"https:\/\/www.sudoestehoje.com.br\/novoportal\/wp-content\/uploads\/2020\/12\/genoino-absolvicao-750x440-1.jpg\"><img loading=\"lazy\" decoding=\"async\" class=\"aligncenter size-medium wp-image-91762\" src=\"https:\/\/www.sudoestehoje.com.br\/novoportal\/wp-content\/uploads\/2020\/12\/genoino-absolvicao-750x440-1-500x293.jpg\" alt=\"\" width=\"500\" height=\"293\" srcset=\"https:\/\/www.sudoestehoje.com.br\/novoportal\/wp-content\/uploads\/2020\/12\/genoino-absolvicao-750x440-1-500x293.jpg 500w, https:\/\/www.sudoestehoje.com.br\/novoportal\/wp-content\/uploads\/2020\/12\/genoino-absolvicao-750x440-1-700x411.jpg 700w, https:\/\/www.sudoestehoje.com.br\/novoportal\/wp-content\/uploads\/2020\/12\/genoino-absolvicao-750x440-1.jpg 750w\" sizes=\"auto, (max-width: 500px) 100vw, 500px\" \/><\/a><\/p>\n<p>O ex-deputado federal e ex-presidente do PT, Jos\u00e9 Genoino, em entrevista aos jornalistas Lu\u00eds Costa Pinto e Eumano Silva, criticou o senador Jaques Wagner (PT-BA) por declara\u00e7\u00f5es que responsabilizavam o ex-presidente Lula pelos resultados negativos do PT nas elei\u00e7\u00f5es municipais.<\/p>\n<p>\u201cEsses que querem cancelar o Lula s\u00e3o justamente os que querem fazer pactos. O Jaques Wagner perde a elei\u00e7\u00e3o na Bahia e a culpa \u00e9 do Lula e do PT? O PT n\u00e3o pode entrar na l\u00f3gica da concilia\u00e7\u00e3o com as elites. Porque as elites n\u00e3o querem pactuar com o PT. O partido precisa voltar a ser o grande rebelde da pol\u00edtica brasileira. E o Lula tem que ser o l\u00edder desse processo. Caso contr\u00e1rio, morreremos\u201d.<\/p>\n<p>As declara\u00e7\u00f5es de Wagner foram expressas em entrevista \u00e0 r\u00e1dio Metr\u00f3pole. Na ocasi\u00e3o o senador afirmou que o PT precisa ser mais independente de Lula. \u201cA gente n\u00e3o pode ficar ref\u00e9m. Eu sou amigo irm\u00e3o do Lula, mas vou ficar ref\u00e9m dele a vida inteira? N\u00e3o faz sentido. \u00c9 a minha opini\u00e3o sincera e parab\u00e9ns aos jovens que participaram [das elei\u00e7\u00f5es municipais] e ganharam\u201d, disse<\/p>\n","protected":false},"excerpt":{"rendered":"<p>O ex-deputado federal e ex-presidente do PT, Jos\u00e9 Genoino, em entrevista aos jornalistas Lu\u00eds Costa Pinto e Eumano Silva, criticou o senador Jaques Wagner (PT-BA) por declara\u00e7\u00f5es que responsabilizavam o ex-presidente Lula pelos resultados negativos do PT nas elei\u00e7\u00f5es municipais. \u201cEsses que querem cancelar o Lula s\u00e3o justamente os que querem fazer pactos. O Jaques [&hellip;]<\/p>\n","protected":false},"author":2,"featured_media":91762,"comment_status":"open","ping_status":"open","sticky":false,"template":"","format":"standard","meta":{"footnotes":"","_links_to":"","_links_to_target":""},"categories":[1],"tags":[],"class_list":["post-91760","post","type-post","status-publish","format-standard","has-post-thumbnail","hentry","category-geral"],"views":1134,"_links":{"self":[{"href":"https:\/\/www.sudoestehoje.com.br\/novoportal\/wp-json\/wp\/v2\/posts\/91760","targetHints":{"allow":["GET"]}}],"collection":[{"href":"https:\/\/www.sudoestehoje.com.br\/novoportal\/wp-json\/wp\/v2\/posts"}],"about":[{"href":"https:\/\/www.sudoestehoje.com.br\/novoportal\/wp-json\/wp\/v2\/types\/post"}],"author":[{"embeddable":true,"href":"https:\/\/www.sudoestehoje.com.br\/novoportal\/wp-json\/wp\/v2\/users\/2"}],"replies":[{"embeddable":true,"href":"https:\/\/www.sudoestehoje.com.br\/novoportal\/wp-json\/wp\/v2\/comments?post=91760"}],"version-history":[{"count":2,"href":"https:\/\/www.sudoestehoje.com.br\/novoportal\/wp-json\/wp\/v2\/posts\/91760\/revisions"}],"predecessor-version":[{"id":91763,"href":"https:\/\/www.sudoestehoje.com.br\/novoportal\/wp-json\/wp\/v2\/posts\/91760\/revisions\/91763"}],"wp:featuredmedia":[{"embeddable":true,"href":"https:\/\/www.sudoestehoje.com.br\/novoportal\/wp-json\/wp\/v2\/media\/91762"}],"wp:attachment":[{"href":"https:\/\/www.sudoestehoje.com.br\/novoportal\/wp-json\/wp\/v2\/media?parent=91760"}],"wp:term":[{"taxonomy":"category","embeddable":true,"href":"https:\/\/www.sudoestehoje.com.br\/novoportal\/wp-json\/wp\/v2\/categories?post=91760"},{"taxonomy":"post_tag","embeddable":true,"href":"https:\/\/www.sudoestehoje.com.br\/novoportal\/wp-json\/wp\/v2\/tags?post=91760"}],"curies":[{"name":"wp","href":"https:\/\/api.w.org\/{rel}","templated":true}]}}