
{"id":91749,"date":"2020-12-03T22:27:09","date_gmt":"2020-12-04T01:27:09","guid":{"rendered":"https:\/\/www.sudoestehoje.com.br\/novoportal\/?p=91749"},"modified":"2020-12-03T22:27:09","modified_gmt":"2020-12-04T01:27:09","slug":"rui-costa-proibe-shows-e-festas-na-bahia-com-qualquer-quantidade-de-pessoas","status":"publish","type":"post","link":"https:\/\/www.sudoestehoje.com.br\/novoportal\/2020\/12\/03\/rui-costa-proibe-shows-e-festas-na-bahia-com-qualquer-quantidade-de-pessoas\/","title":{"rendered":"RUI COSTA PRO\u00cdBE SHOWS E FESTAS NA BAHIA COM QUALQUER QUANTIDADE DE PESSOAS"},"content":{"rendered":"<p><a href=\"https:\/\/www.sudoestehoje.com.br\/novoportal\/wp-content\/uploads\/2020\/12\/festa-e-shows.jpg\"><img loading=\"lazy\" decoding=\"async\" class=\"aligncenter size-medium wp-image-91750\" src=\"https:\/\/www.sudoestehoje.com.br\/novoportal\/wp-content\/uploads\/2020\/12\/festa-e-shows-500x311.jpg\" alt=\"\" width=\"500\" height=\"311\" srcset=\"https:\/\/www.sudoestehoje.com.br\/novoportal\/wp-content\/uploads\/2020\/12\/festa-e-shows-500x311.jpg 500w, https:\/\/www.sudoestehoje.com.br\/novoportal\/wp-content\/uploads\/2020\/12\/festa-e-shows-700x436.jpg 700w, https:\/\/www.sudoestehoje.com.br\/novoportal\/wp-content\/uploads\/2020\/12\/festa-e-shows-768x478.jpg 768w, https:\/\/www.sudoestehoje.com.br\/novoportal\/wp-content\/uploads\/2020\/12\/festa-e-shows.jpg 890w\" sizes=\"auto, (max-width: 500px) 100vw, 500px\" \/><\/a><\/p>\n<p>A realiza\u00e7\u00e3o de shows e festas est\u00e1 suspensa em toda a Bahia. A decis\u00e3o, que ser\u00e1 publicada no Di\u00e1rio Oficial do Estado (DOE) desta sexta-feira (4), faz parte do decreto n\u00ba 19.586. A informa\u00e7\u00e3o foi divulgada na noite desta quinta-feira (03) pelo Governo do Estado da Bahia.<\/p>\n<p class=\"bodytext\">Conforme a publica\u00e7\u00e3o, ficam proibidos os &#8220;shows, festas, p\u00fablicas ou privadas, e afins, independentemente do n\u00famero de participantes&#8221;. O decreto tem validade at\u00e9 17 de dezembro, com indicativo de renova\u00e7\u00e3o.<\/p>\n<p class=\"bodytext\">Na \u00faltima quarta-feira (2), o Governo do Estado j\u00e1 havia prorrogado o decreto, que tamb\u00e9m suspende as aulas nas unidades de ensino das redes p\u00fablica e privada e pro\u00edbe eventos e atividades com presen\u00e7a de p\u00fablico superior a 200 pessoas. <em>\/\/ Correio<\/em><\/p>\n","protected":false},"excerpt":{"rendered":"<p>A realiza\u00e7\u00e3o de shows e festas est\u00e1 suspensa em toda a Bahia. A decis\u00e3o, que ser\u00e1 publicada no Di\u00e1rio Oficial do Estado (DOE) desta sexta-feira (4), faz parte do decreto n\u00ba 19.586. A informa\u00e7\u00e3o foi divulgada na noite desta quinta-feira (03) pelo Governo do Estado da Bahia. Conforme a publica\u00e7\u00e3o, ficam proibidos os &#8220;shows, festas, [&hellip;]<\/p>\n","protected":false},"author":2,"featured_media":91750,"comment_status":"open","ping_status":"open","sticky":false,"template":"","format":"standard","meta":{"footnotes":"","_links_to":"","_links_to_target":""},"categories":[1],"tags":[],"class_list":["post-91749","post","type-post","status-publish","format-standard","has-post-thumbnail","hentry","category-geral"],"views":5896,"_links":{"self":[{"href":"https:\/\/www.sudoestehoje.com.br\/novoportal\/wp-json\/wp\/v2\/posts\/91749","targetHints":{"allow":["GET"]}}],"collection":[{"href":"https:\/\/www.sudoestehoje.com.br\/novoportal\/wp-json\/wp\/v2\/posts"}],"about":[{"href":"https:\/\/www.sudoestehoje.com.br\/novoportal\/wp-json\/wp\/v2\/types\/post"}],"author":[{"embeddable":true,"href":"https:\/\/www.sudoestehoje.com.br\/novoportal\/wp-json\/wp\/v2\/users\/2"}],"replies":[{"embeddable":true,"href":"https:\/\/www.sudoestehoje.com.br\/novoportal\/wp-json\/wp\/v2\/comments?post=91749"}],"version-history":[{"count":3,"href":"https:\/\/www.sudoestehoje.com.br\/novoportal\/wp-json\/wp\/v2\/posts\/91749\/revisions"}],"predecessor-version":[{"id":91753,"href":"https:\/\/www.sudoestehoje.com.br\/novoportal\/wp-json\/wp\/v2\/posts\/91749\/revisions\/91753"}],"wp:featuredmedia":[{"embeddable":true,"href":"https:\/\/www.sudoestehoje.com.br\/novoportal\/wp-json\/wp\/v2\/media\/91750"}],"wp:attachment":[{"href":"https:\/\/www.sudoestehoje.com.br\/novoportal\/wp-json\/wp\/v2\/media?parent=91749"}],"wp:term":[{"taxonomy":"category","embeddable":true,"href":"https:\/\/www.sudoestehoje.com.br\/novoportal\/wp-json\/wp\/v2\/categories?post=91749"},{"taxonomy":"post_tag","embeddable":true,"href":"https:\/\/www.sudoestehoje.com.br\/novoportal\/wp-json\/wp\/v2\/tags?post=91749"}],"curies":[{"name":"wp","href":"https:\/\/api.w.org\/{rel}","templated":true}]}}