
{"id":91729,"date":"2020-12-02T21:11:22","date_gmt":"2020-12-03T00:11:22","guid":{"rendered":"https:\/\/www.sudoestehoje.com.br\/novoportal\/?p=91729"},"modified":"2020-12-02T21:12:39","modified_gmt":"2020-12-03T00:12:39","slug":"fatima-bernardes-anuncia-que-esta-com-cancer-e-se-afasta-para-fazer-cirurgia","status":"publish","type":"post","link":"https:\/\/www.sudoestehoje.com.br\/novoportal\/2020\/12\/02\/fatima-bernardes-anuncia-que-esta-com-cancer-e-se-afasta-para-fazer-cirurgia\/","title":{"rendered":"F\u00c1TIMA BERNARDES ANUNCIA QUE EST\u00c1 COM C\u00c2NCER E SE AFASTA PARA FAZER CIRURGIA"},"content":{"rendered":"<p><a href=\"https:\/\/www.sudoestehoje.com.br\/novoportal\/wp-content\/uploads\/2020\/12\/Fatima_Bernardes_Instagram_b59f09c7ec.jpg\"><img loading=\"lazy\" decoding=\"async\" class=\"aligncenter size-medium wp-image-91731\" src=\"https:\/\/www.sudoestehoje.com.br\/novoportal\/wp-content\/uploads\/2020\/12\/Fatima_Bernardes_Instagram_b59f09c7ec-500x311.jpg\" alt=\"\" width=\"500\" height=\"311\" srcset=\"https:\/\/www.sudoestehoje.com.br\/novoportal\/wp-content\/uploads\/2020\/12\/Fatima_Bernardes_Instagram_b59f09c7ec-500x311.jpg 500w, https:\/\/www.sudoestehoje.com.br\/novoportal\/wp-content\/uploads\/2020\/12\/Fatima_Bernardes_Instagram_b59f09c7ec-700x436.jpg 700w, https:\/\/www.sudoestehoje.com.br\/novoportal\/wp-content\/uploads\/2020\/12\/Fatima_Bernardes_Instagram_b59f09c7ec-768x478.jpg 768w, https:\/\/www.sudoestehoje.com.br\/novoportal\/wp-content\/uploads\/2020\/12\/Fatima_Bernardes_Instagram_b59f09c7ec.jpg 940w\" sizes=\"auto, (max-width: 500px) 100vw, 500px\" \/><\/a><\/p>\n<p>A apresentadora F\u00e1tima Bernardes, 58 anos, anunciou que est\u00e1 com c\u00e2ncer no \u00fatero. A informa\u00e7\u00e3o foi divulgada em uma postagem no Instagram, na qual ela relata que a enfermidade encontra-se em estado inicial e que, para realizar a cirurgia, vai precisar se afastar das fun\u00e7\u00f5es na TV Globo.<\/p>\n<p class=\"bodytext\">Em seguida, falou diretamente aos seus f\u00e3s: &#8220;Como sempre usei minhas redes com total franqueza e verdade, preferi eu mesma passar essa informa\u00e7\u00e3o para todos que me acompanham. Enquanto isso, aproveito o aconchego dos meus pais, filhos, do meu amor e dos amigos pr\u00f3ximos. E j\u00e1 agrade\u00e7o pelo carinho, pelas boas energias de todos aqui. Logo, logo estarei de volta para nossos encontros&#8221;.<\/p>\n<p class=\"bodytext\">Logo que fez a postagem, F\u00e1tima come\u00e7ou a receber mensagens de apoio, uma delas do pr\u00f3prio companheiro, o deputado federal T\u00falio Gadelha. &#8220;Estamos juntos nessa, meu amor&#8221;, disse.<\/p>\n","protected":false},"excerpt":{"rendered":"<p>A apresentadora F\u00e1tima Bernardes, 58 anos, anunciou que est\u00e1 com c\u00e2ncer no \u00fatero. A informa\u00e7\u00e3o foi divulgada em uma postagem no Instagram, na qual ela relata que a enfermidade encontra-se em estado inicial e que, para realizar a cirurgia, vai precisar se afastar das fun\u00e7\u00f5es na TV Globo. Em seguida, falou diretamente aos seus f\u00e3s: [&hellip;]<\/p>\n","protected":false},"author":2,"featured_media":91731,"comment_status":"open","ping_status":"open","sticky":false,"template":"","format":"standard","meta":{"footnotes":"","_links_to":"","_links_to_target":""},"categories":[1],"tags":[],"class_list":["post-91729","post","type-post","status-publish","format-standard","has-post-thumbnail","hentry","category-geral"],"views":1389,"_links":{"self":[{"href":"https:\/\/www.sudoestehoje.com.br\/novoportal\/wp-json\/wp\/v2\/posts\/91729","targetHints":{"allow":["GET"]}}],"collection":[{"href":"https:\/\/www.sudoestehoje.com.br\/novoportal\/wp-json\/wp\/v2\/posts"}],"about":[{"href":"https:\/\/www.sudoestehoje.com.br\/novoportal\/wp-json\/wp\/v2\/types\/post"}],"author":[{"embeddable":true,"href":"https:\/\/www.sudoestehoje.com.br\/novoportal\/wp-json\/wp\/v2\/users\/2"}],"replies":[{"embeddable":true,"href":"https:\/\/www.sudoestehoje.com.br\/novoportal\/wp-json\/wp\/v2\/comments?post=91729"}],"version-history":[{"count":2,"href":"https:\/\/www.sudoestehoje.com.br\/novoportal\/wp-json\/wp\/v2\/posts\/91729\/revisions"}],"predecessor-version":[{"id":91732,"href":"https:\/\/www.sudoestehoje.com.br\/novoportal\/wp-json\/wp\/v2\/posts\/91729\/revisions\/91732"}],"wp:featuredmedia":[{"embeddable":true,"href":"https:\/\/www.sudoestehoje.com.br\/novoportal\/wp-json\/wp\/v2\/media\/91731"}],"wp:attachment":[{"href":"https:\/\/www.sudoestehoje.com.br\/novoportal\/wp-json\/wp\/v2\/media?parent=91729"}],"wp:term":[{"taxonomy":"category","embeddable":true,"href":"https:\/\/www.sudoestehoje.com.br\/novoportal\/wp-json\/wp\/v2\/categories?post=91729"},{"taxonomy":"post_tag","embeddable":true,"href":"https:\/\/www.sudoestehoje.com.br\/novoportal\/wp-json\/wp\/v2\/tags?post=91729"}],"curies":[{"name":"wp","href":"https:\/\/api.w.org\/{rel}","templated":true}]}}