
{"id":91713,"date":"2020-12-02T19:49:55","date_gmt":"2020-12-02T22:49:55","guid":{"rendered":"https:\/\/www.sudoestehoje.com.br\/novoportal\/?p=91713"},"modified":"2020-12-02T19:49:55","modified_gmt":"2020-12-02T22:49:55","slug":"pandemia-bahia-vive-sem-duvidas-segunda-onda-de-contaminacao-diz-secretario-de-saude-do-estado","status":"publish","type":"post","link":"https:\/\/www.sudoestehoje.com.br\/novoportal\/2020\/12\/02\/pandemia-bahia-vive-sem-duvidas-segunda-onda-de-contaminacao-diz-secretario-de-saude-do-estado\/","title":{"rendered":"PANDEMIA: &#8220;BAHIA VIVE SEM D\u00daVIDAS SEGUNDA ONDA DE CONTAMINA\u00c7\u00c3O&#8221;, DIZ SECRET\u00c1RIO DE SA\u00daDE DO ESTADO"},"content":{"rendered":"<p><a href=\"https:\/\/www.sudoestehoje.com.br\/novoportal\/wp-content\/uploads\/2020\/12\/VILAS-BOAS-1.jpg\"><img loading=\"lazy\" decoding=\"async\" class=\"aligncenter  wp-image-91716\" src=\"https:\/\/www.sudoestehoje.com.br\/novoportal\/wp-content\/uploads\/2020\/12\/VILAS-BOAS-1.jpg\" alt=\"\" width=\"500\" height=\"281\" \/><\/a><\/p>\n<p>Com n\u00fameros crescentes de casos ativos e aumento da taxa de ocupa\u00e7\u00e3o dos leitos de terapia intensiva, a Bahia vive uma segunda onda de contamina\u00e7\u00e3o pelo novo coronav\u00edrus. Esta \u00e9 a avalia\u00e7\u00e3o do secret\u00e1rio estadual de Sa\u00fade, F\u00e1bio Vilas-Boas, procurado pelo Bahia Not\u00edcias para comentar os n\u00fameros publicados pela pasta estadual da Sa\u00fade nesta quarta-feira (2).<\/p>\n<p style=\"font-weight: 400;\">O secret\u00e1rio afirmou n\u00e3o ter d\u00favidas de que a Bahia j\u00e1 enfrenta uma segunda onda e que o governo do estado est\u00e1 tomando novas provid\u00eancias para conter o avan\u00e7o da doen\u00e7a em territ\u00f3rio baiano: refor\u00e7ar a mensagem de que\u00a0 pandemia n\u00e3o acabou e que precisamos manter medidas de preven\u00e7\u00e3o; ampliar a testagem RT-PCR em todos os munic\u00edpios; manter a proibi\u00e7\u00e3o de eventos, incluindo festas de r\u00e9veillon; e ampliar a oferta de leitos de UTI.<\/p>\n<p style=\"font-weight: 400;\">Os n\u00fameros apontam para o retorno da Bahia para o auge da pandemia. Nesta quarta, o estado alcan\u00e7ou a marca de 11.771 casos ativos da Covid-19, o maior n\u00famero desde 29 de agosto, e 71% de ocupa\u00e7\u00e3o dos leitos de UTI reservados para o tratamento da doen\u00e7a, percentual mais alto desde 3 de agosto.<\/p>\n","protected":false},"excerpt":{"rendered":"<p>Com n\u00fameros crescentes de casos ativos e aumento da taxa de ocupa\u00e7\u00e3o dos leitos de terapia intensiva, a Bahia vive uma segunda onda de contamina\u00e7\u00e3o pelo novo coronav\u00edrus. Esta \u00e9 a avalia\u00e7\u00e3o do secret\u00e1rio estadual de Sa\u00fade, F\u00e1bio Vilas-Boas, procurado pelo Bahia Not\u00edcias para comentar os n\u00fameros publicados pela pasta estadual da Sa\u00fade nesta quarta-feira [&hellip;]<\/p>\n","protected":false},"author":2,"featured_media":91716,"comment_status":"open","ping_status":"open","sticky":false,"template":"","format":"standard","meta":{"footnotes":"","_links_to":"","_links_to_target":""},"categories":[1],"tags":[],"class_list":["post-91713","post","type-post","status-publish","format-standard","has-post-thumbnail","hentry","category-geral"],"views":1421,"_links":{"self":[{"href":"https:\/\/www.sudoestehoje.com.br\/novoportal\/wp-json\/wp\/v2\/posts\/91713","targetHints":{"allow":["GET"]}}],"collection":[{"href":"https:\/\/www.sudoestehoje.com.br\/novoportal\/wp-json\/wp\/v2\/posts"}],"about":[{"href":"https:\/\/www.sudoestehoje.com.br\/novoportal\/wp-json\/wp\/v2\/types\/post"}],"author":[{"embeddable":true,"href":"https:\/\/www.sudoestehoje.com.br\/novoportal\/wp-json\/wp\/v2\/users\/2"}],"replies":[{"embeddable":true,"href":"https:\/\/www.sudoestehoje.com.br\/novoportal\/wp-json\/wp\/v2\/comments?post=91713"}],"version-history":[{"count":4,"href":"https:\/\/www.sudoestehoje.com.br\/novoportal\/wp-json\/wp\/v2\/posts\/91713\/revisions"}],"predecessor-version":[{"id":91718,"href":"https:\/\/www.sudoestehoje.com.br\/novoportal\/wp-json\/wp\/v2\/posts\/91713\/revisions\/91718"}],"wp:featuredmedia":[{"embeddable":true,"href":"https:\/\/www.sudoestehoje.com.br\/novoportal\/wp-json\/wp\/v2\/media\/91716"}],"wp:attachment":[{"href":"https:\/\/www.sudoestehoje.com.br\/novoportal\/wp-json\/wp\/v2\/media?parent=91713"}],"wp:term":[{"taxonomy":"category","embeddable":true,"href":"https:\/\/www.sudoestehoje.com.br\/novoportal\/wp-json\/wp\/v2\/categories?post=91713"},{"taxonomy":"post_tag","embeddable":true,"href":"https:\/\/www.sudoestehoje.com.br\/novoportal\/wp-json\/wp\/v2\/tags?post=91713"}],"curies":[{"name":"wp","href":"https:\/\/api.w.org\/{rel}","templated":true}]}}