
{"id":91707,"date":"2020-12-02T17:47:05","date_gmt":"2020-12-02T20:47:05","guid":{"rendered":"https:\/\/www.sudoestehoje.com.br\/novoportal\/?p=91707"},"modified":"2020-12-02T19:27:57","modified_gmt":"2020-12-02T22:27:57","slug":"flamengo-vence-na-justica-e-anula-pensao-de-familias-de-atletas-mortos-no-incendio-do-ninho-do-urubu","status":"publish","type":"post","link":"https:\/\/www.sudoestehoje.com.br\/novoportal\/2020\/12\/02\/flamengo-vence-na-justica-e-anula-pensao-de-familias-de-atletas-mortos-no-incendio-do-ninho-do-urubu\/","title":{"rendered":"FLAMENGO VENCE NA JUSTI\u00c7A E ANULA PENS\u00c3O DE FAM\u00cdLIAS DE ATLETAS MORTOS NO INC\u00caNDIO DO &#8216;NINHO DO URUBU&#8217;"},"content":{"rendered":"<p><a href=\"https:\/\/www.sudoestehoje.com.br\/novoportal\/wp-content\/uploads\/2020\/12\/NINHO-DO-URUBU.jpg\"><img loading=\"lazy\" decoding=\"async\" class=\"aligncenter size-medium wp-image-91709\" src=\"https:\/\/www.sudoestehoje.com.br\/novoportal\/wp-content\/uploads\/2020\/12\/NINHO-DO-URUBU-500x281.jpg\" alt=\"\" width=\"500\" height=\"281\" srcset=\"https:\/\/www.sudoestehoje.com.br\/novoportal\/wp-content\/uploads\/2020\/12\/NINHO-DO-URUBU-500x281.jpg 500w, https:\/\/www.sudoestehoje.com.br\/novoportal\/wp-content\/uploads\/2020\/12\/NINHO-DO-URUBU-700x394.jpg 700w, https:\/\/www.sudoestehoje.com.br\/novoportal\/wp-content\/uploads\/2020\/12\/NINHO-DO-URUBU-768x432.jpg 768w, https:\/\/www.sudoestehoje.com.br\/novoportal\/wp-content\/uploads\/2020\/12\/NINHO-DO-URUBU.jpg 1200w\" sizes=\"auto, (max-width: 500px) 100vw, 500px\" \/><\/a><\/p>\n<p>Rio &#8211; Nesta quarta-feira, a\u00a013\u00aa C\u00e2mara C\u00edvel do Tribunal de Justi\u00e7a do Rio de Janeiro deu ganho de causa ao Flamengo. Com isso, foi anulada a decis\u00e3o da 1\u00aa Vara C\u00edvel, que obrigava o clube a pagar uma pens\u00e3o mensal de R$ 10 mil \u00e0s fam\u00edlias das v\u00edtimas do inc\u00eandio no Ninho do Urubu\u00a0que ainda n\u00e3o chegaram a um acordo com o clube.<\/p>\n<p>Segundo\u00a0os dois desembargadores que votaram a favor da anula\u00e7\u00e3o, n\u00e3o cabe a Defensoria e ao Minist\u00e9rio P\u00fablico do Rio de Janeiro, autores da a\u00e7\u00e3o inicial sobre a pens\u00e3o, defender os familiares, algo que era defendido pelos advogados do Flamengo.<\/p>\n<p><a href=\"https:\/\/www.sudoestehoje.com.br\/novoportal\/wp-content\/uploads\/2020\/12\/MORTOS-NINHO-DO-URUBU.jpeg\"><img loading=\"lazy\" decoding=\"async\" class=\"aligncenter size-medium wp-image-91711\" src=\"https:\/\/www.sudoestehoje.com.br\/novoportal\/wp-content\/uploads\/2020\/12\/MORTOS-NINHO-DO-URUBU-500x333.jpeg\" alt=\"\" width=\"500\" height=\"333\" srcset=\"https:\/\/www.sudoestehoje.com.br\/novoportal\/wp-content\/uploads\/2020\/12\/MORTOS-NINHO-DO-URUBU-500x333.jpeg 500w, https:\/\/www.sudoestehoje.com.br\/novoportal\/wp-content\/uploads\/2020\/12\/MORTOS-NINHO-DO-URUBU.jpeg 600w\" sizes=\"auto, (max-width: 500px) 100vw, 500px\" \/><\/a><\/p>\n<p>Vale ressaltar que o\u00a0\u00fanico\u00a0voto contra a anula\u00e7\u00e3o foi da relatora do caso, a desembargadora Sirley Abreu Biondi, que defendia a manuten\u00e7\u00e3o da pens\u00e3o.<\/p>\n<p>Foi justo?<\/p>\n","protected":false},"excerpt":{"rendered":"<p>Rio &#8211; Nesta quarta-feira, a\u00a013\u00aa C\u00e2mara C\u00edvel do Tribunal de Justi\u00e7a do Rio de Janeiro deu ganho de causa ao Flamengo. Com isso, foi anulada a decis\u00e3o da 1\u00aa Vara C\u00edvel, que obrigava o clube a pagar uma pens\u00e3o mensal de R$ 10 mil \u00e0s fam\u00edlias das v\u00edtimas do inc\u00eandio no Ninho do Urubu\u00a0que ainda [&hellip;]<\/p>\n","protected":false},"author":2,"featured_media":91709,"comment_status":"open","ping_status":"open","sticky":false,"template":"","format":"standard","meta":{"footnotes":"","_links_to":"","_links_to_target":""},"categories":[1],"tags":[],"class_list":["post-91707","post","type-post","status-publish","format-standard","has-post-thumbnail","hentry","category-geral"],"views":1099,"_links":{"self":[{"href":"https:\/\/www.sudoestehoje.com.br\/novoportal\/wp-json\/wp\/v2\/posts\/91707","targetHints":{"allow":["GET"]}}],"collection":[{"href":"https:\/\/www.sudoestehoje.com.br\/novoportal\/wp-json\/wp\/v2\/posts"}],"about":[{"href":"https:\/\/www.sudoestehoje.com.br\/novoportal\/wp-json\/wp\/v2\/types\/post"}],"author":[{"embeddable":true,"href":"https:\/\/www.sudoestehoje.com.br\/novoportal\/wp-json\/wp\/v2\/users\/2"}],"replies":[{"embeddable":true,"href":"https:\/\/www.sudoestehoje.com.br\/novoportal\/wp-json\/wp\/v2\/comments?post=91707"}],"version-history":[{"count":3,"href":"https:\/\/www.sudoestehoje.com.br\/novoportal\/wp-json\/wp\/v2\/posts\/91707\/revisions"}],"predecessor-version":[{"id":91712,"href":"https:\/\/www.sudoestehoje.com.br\/novoportal\/wp-json\/wp\/v2\/posts\/91707\/revisions\/91712"}],"wp:featuredmedia":[{"embeddable":true,"href":"https:\/\/www.sudoestehoje.com.br\/novoportal\/wp-json\/wp\/v2\/media\/91709"}],"wp:attachment":[{"href":"https:\/\/www.sudoestehoje.com.br\/novoportal\/wp-json\/wp\/v2\/media?parent=91707"}],"wp:term":[{"taxonomy":"category","embeddable":true,"href":"https:\/\/www.sudoestehoje.com.br\/novoportal\/wp-json\/wp\/v2\/categories?post=91707"},{"taxonomy":"post_tag","embeddable":true,"href":"https:\/\/www.sudoestehoje.com.br\/novoportal\/wp-json\/wp\/v2\/tags?post=91707"}],"curies":[{"name":"wp","href":"https:\/\/api.w.org\/{rel}","templated":true}]}}