
{"id":91703,"date":"2020-12-02T17:22:00","date_gmt":"2020-12-02T20:22:00","guid":{"rendered":"https:\/\/www.sudoestehoje.com.br\/novoportal\/?p=91703"},"modified":"2020-12-02T17:22:00","modified_gmt":"2020-12-02T20:22:00","slug":"apos-recusa-das-universidades-mec-desiste-de-volta-as-aulas-em-janeiro","status":"publish","type":"post","link":"https:\/\/www.sudoestehoje.com.br\/novoportal\/2020\/12\/02\/apos-recusa-das-universidades-mec-desiste-de-volta-as-aulas-em-janeiro\/","title":{"rendered":"AP\u00d3S RECUSA DAS UNIVERSIDADES, MEC DESISTE DE VOLTA \u00c0S AULAS EM JANEIRO"},"content":{"rendered":"<div class=\"col-xs-12\">\n<div class=\"noticias-single__content\">\n<div class=\"noticias-single__content__text js-mediator-article\">\n<p><a href=\"https:\/\/www.sudoestehoje.com.br\/novoportal\/wp-content\/uploads\/2020\/12\/Milton-Ribeiro-_201340b954.jpg\"><img loading=\"lazy\" decoding=\"async\" class=\"aligncenter size-medium wp-image-91705\" src=\"https:\/\/www.sudoestehoje.com.br\/novoportal\/wp-content\/uploads\/2020\/12\/Milton-Ribeiro-_201340b954-500x334.jpg\" alt=\"\" width=\"500\" height=\"334\" srcset=\"https:\/\/www.sudoestehoje.com.br\/novoportal\/wp-content\/uploads\/2020\/12\/Milton-Ribeiro-_201340b954-500x334.jpg 500w, https:\/\/www.sudoestehoje.com.br\/novoportal\/wp-content\/uploads\/2020\/12\/Milton-Ribeiro-_201340b954-700x467.jpg 700w, https:\/\/www.sudoestehoje.com.br\/novoportal\/wp-content\/uploads\/2020\/12\/Milton-Ribeiro-_201340b954-768x512.jpg 768w, https:\/\/www.sudoestehoje.com.br\/novoportal\/wp-content\/uploads\/2020\/12\/Milton-Ribeiro-_201340b954.jpg 940w\" sizes=\"auto, (max-width: 500px) 100vw, 500px\" \/><\/a><\/p>\n<p class=\"bodytext\">As universidades entendem que esse n\u00e3o \u00e9 o melhor momento para voltar \u00e0s aulas.\u00a0&#8220;Quero abrir uma consulta p\u00fablica para ouvir o mundo acad\u00eamico. As escolas n\u00e3o estavam preparadas, faltava planejamento&#8221;, disse o ministro \u00e0 CNN Brasil.<\/p>\n<p class=\"bodytext\">Antes da publica\u00e7\u00e3o da portaria, o minist\u00e9rio consultou mantenedores de universidades, segundo Ribeiro. Ele diz que n\u00e3o esperava tanta resist\u00eancia.\u00a0&#8220;A sociedade est\u00e1 preocupada, quero ser sens\u00edvel ao sentimento da popula\u00e7\u00e3o&#8221;, garantiu.<\/p>\n<p class=\"bodytext\">O MEC vai liberar a volta \u00e0s aulas somente quando as institui\u00e7\u00f5es tamb\u00e9m tiverem confian\u00e7a de que \u00e9 poss\u00edvel fazer isso com seguran\u00e7a. <em>\/\/Correio<\/em><\/p>\n<\/div>\n<\/div>\n<\/div>\n","protected":false},"excerpt":{"rendered":"<p>As universidades entendem que esse n\u00e3o \u00e9 o melhor momento para voltar \u00e0s aulas.\u00a0&#8220;Quero abrir uma consulta p\u00fablica para ouvir o mundo acad\u00eamico. As escolas n\u00e3o estavam preparadas, faltava planejamento&#8221;, disse o ministro \u00e0 CNN Brasil. Antes da publica\u00e7\u00e3o da portaria, o minist\u00e9rio consultou mantenedores de universidades, segundo Ribeiro. Ele diz que n\u00e3o esperava tanta [&hellip;]<\/p>\n","protected":false},"author":2,"featured_media":91705,"comment_status":"open","ping_status":"open","sticky":false,"template":"","format":"standard","meta":{"footnotes":"","_links_to":"","_links_to_target":""},"categories":[1],"tags":[],"class_list":["post-91703","post","type-post","status-publish","format-standard","has-post-thumbnail","hentry","category-geral"],"views":867,"_links":{"self":[{"href":"https:\/\/www.sudoestehoje.com.br\/novoportal\/wp-json\/wp\/v2\/posts\/91703","targetHints":{"allow":["GET"]}}],"collection":[{"href":"https:\/\/www.sudoestehoje.com.br\/novoportal\/wp-json\/wp\/v2\/posts"}],"about":[{"href":"https:\/\/www.sudoestehoje.com.br\/novoportal\/wp-json\/wp\/v2\/types\/post"}],"author":[{"embeddable":true,"href":"https:\/\/www.sudoestehoje.com.br\/novoportal\/wp-json\/wp\/v2\/users\/2"}],"replies":[{"embeddable":true,"href":"https:\/\/www.sudoestehoje.com.br\/novoportal\/wp-json\/wp\/v2\/comments?post=91703"}],"version-history":[{"count":1,"href":"https:\/\/www.sudoestehoje.com.br\/novoportal\/wp-json\/wp\/v2\/posts\/91703\/revisions"}],"predecessor-version":[{"id":91706,"href":"https:\/\/www.sudoestehoje.com.br\/novoportal\/wp-json\/wp\/v2\/posts\/91703\/revisions\/91706"}],"wp:featuredmedia":[{"embeddable":true,"href":"https:\/\/www.sudoestehoje.com.br\/novoportal\/wp-json\/wp\/v2\/media\/91705"}],"wp:attachment":[{"href":"https:\/\/www.sudoestehoje.com.br\/novoportal\/wp-json\/wp\/v2\/media?parent=91703"}],"wp:term":[{"taxonomy":"category","embeddable":true,"href":"https:\/\/www.sudoestehoje.com.br\/novoportal\/wp-json\/wp\/v2\/categories?post=91703"},{"taxonomy":"post_tag","embeddable":true,"href":"https:\/\/www.sudoestehoje.com.br\/novoportal\/wp-json\/wp\/v2\/tags?post=91703"}],"curies":[{"name":"wp","href":"https:\/\/api.w.org\/{rel}","templated":true}]}}