
{"id":91693,"date":"2020-12-01T07:48:51","date_gmt":"2020-12-01T10:48:51","guid":{"rendered":"https:\/\/www.sudoestehoje.com.br\/novoportal\/?p=91693"},"modified":"2020-12-02T16:56:22","modified_gmt":"2020-12-02T19:56:22","slug":"pedro-tavares-volta-a-cobrar-recuperacao-da-ba-270-no-trecho-que-liga-itapetinga-a-maiquinique","status":"publish","type":"post","link":"https:\/\/www.sudoestehoje.com.br\/novoportal\/2020\/12\/01\/pedro-tavares-volta-a-cobrar-recuperacao-da-ba-270-no-trecho-que-liga-itapetinga-a-maiquinique\/","title":{"rendered":"PEDRO TAVARES VOLTA A COBRAR RECUPERA\u00c7\u00c3O DA BA-270, NO TRECHO QUE LIGA ITAPETINGA A MAIQUINIQUE"},"content":{"rendered":"<p><a href=\"https:\/\/www.sudoestehoje.com.br\/novoportal\/wp-content\/uploads\/2020\/12\/PEDRO-1.gif\"><img loading=\"lazy\" decoding=\"async\" class=\"aligncenter size-medium wp-image-91696\" src=\"https:\/\/www.sudoestehoje.com.br\/novoportal\/wp-content\/uploads\/2020\/12\/PEDRO-1-500x281.gif\" alt=\"\" width=\"500\" height=\"281\" srcset=\"https:\/\/www.sudoestehoje.com.br\/novoportal\/wp-content\/uploads\/2020\/12\/PEDRO-1-500x281.gif 500w, https:\/\/www.sudoestehoje.com.br\/novoportal\/wp-content\/uploads\/2020\/12\/PEDRO-1-700x394.gif 700w, https:\/\/www.sudoestehoje.com.br\/novoportal\/wp-content\/uploads\/2020\/12\/PEDRO-1-768x432.gif 768w\" sizes=\"auto, (max-width: 500px) 100vw, 500px\" \/><\/a><\/p>\n<p>O deputado estadual Pedro Tavares (DEM) voltou a cobrar a recupera\u00e7\u00e3o BA-270 nos trechos que liga Itapetinga a Maiquinique, no sudoeste da Bahia.<\/p>\n<p>Demonstrando preocupa\u00e7\u00e3o com a situa\u00e7\u00e3o da rodovia, o parlamentar solicita que o Governo do estado agilize os servi\u00e7os de melhoria no trecho.<\/p>\n<p>Segundo Tavares, os motoristas n\u00e3o podem esperar mais muito tempo, sem que essa estrada passe por interven\u00e7\u00f5es que proporcionem mais seguran\u00e7a e conforto nas viagens.<\/p>\n<p>\u201cA BA 270 \u00e9 uma rodovia muito importante para os munic\u00edpios, sendo localizada em uma regi\u00e3o economicamente forte no setor da pecu\u00e1ria. Quem trafega vive muito desconforto com a presen\u00e7a dos buracos, o que leva a preju\u00edzos, al\u00e9m da demora nos tempos de viagem, comprometendo a vida de todos\u201d, afirmou.<\/p>\n<p>A Secretaria de Infraestrutura do Estado (Seinfra) se manifestou recentemente, mas conforme o deputado \u00e9 preciso saber quando de fato a obra de restaura\u00e7\u00e3o vai come\u00e7ar. \u201cA recupera\u00e7\u00e3o do trecho se mostra altamente relevante para garantir o progresso econ\u00f4mico e viabilizar a gera\u00e7\u00e3o de riqueza e renda para os moradores destas localidades. Apelamos a sensibilidade do Governo para que a estrada seja logo restaurada\u201d, afirmou. <em>\/\/Ascom<\/em><\/p>\n","protected":false},"excerpt":{"rendered":"<p>O deputado estadual Pedro Tavares (DEM) voltou a cobrar a recupera\u00e7\u00e3o BA-270 nos trechos que liga Itapetinga a Maiquinique, no sudoeste da Bahia. Demonstrando preocupa\u00e7\u00e3o com a situa\u00e7\u00e3o da rodovia, o parlamentar solicita que o Governo do estado agilize os servi\u00e7os de melhoria no trecho. Segundo Tavares, os motoristas n\u00e3o podem esperar mais muito tempo, [&hellip;]<\/p>\n","protected":false},"author":2,"featured_media":91696,"comment_status":"open","ping_status":"open","sticky":false,"template":"","format":"standard","meta":{"footnotes":"","_links_to":"","_links_to_target":""},"categories":[1],"tags":[],"class_list":["post-91693","post","type-post","status-publish","format-standard","has-post-thumbnail","hentry","category-geral"],"views":655,"_links":{"self":[{"href":"https:\/\/www.sudoestehoje.com.br\/novoportal\/wp-json\/wp\/v2\/posts\/91693","targetHints":{"allow":["GET"]}}],"collection":[{"href":"https:\/\/www.sudoestehoje.com.br\/novoportal\/wp-json\/wp\/v2\/posts"}],"about":[{"href":"https:\/\/www.sudoestehoje.com.br\/novoportal\/wp-json\/wp\/v2\/types\/post"}],"author":[{"embeddable":true,"href":"https:\/\/www.sudoestehoje.com.br\/novoportal\/wp-json\/wp\/v2\/users\/2"}],"replies":[{"embeddable":true,"href":"https:\/\/www.sudoestehoje.com.br\/novoportal\/wp-json\/wp\/v2\/comments?post=91693"}],"version-history":[{"count":4,"href":"https:\/\/www.sudoestehoje.com.br\/novoportal\/wp-json\/wp\/v2\/posts\/91693\/revisions"}],"predecessor-version":[{"id":91702,"href":"https:\/\/www.sudoestehoje.com.br\/novoportal\/wp-json\/wp\/v2\/posts\/91693\/revisions\/91702"}],"wp:featuredmedia":[{"embeddable":true,"href":"https:\/\/www.sudoestehoje.com.br\/novoportal\/wp-json\/wp\/v2\/media\/91696"}],"wp:attachment":[{"href":"https:\/\/www.sudoestehoje.com.br\/novoportal\/wp-json\/wp\/v2\/media?parent=91693"}],"wp:term":[{"taxonomy":"category","embeddable":true,"href":"https:\/\/www.sudoestehoje.com.br\/novoportal\/wp-json\/wp\/v2\/categories?post=91693"},{"taxonomy":"post_tag","embeddable":true,"href":"https:\/\/www.sudoestehoje.com.br\/novoportal\/wp-json\/wp\/v2\/tags?post=91693"}],"curies":[{"name":"wp","href":"https:\/\/api.w.org\/{rel}","templated":true}]}}