
{"id":91631,"date":"2020-11-30T18:29:17","date_gmt":"2020-11-30T21:29:17","guid":{"rendered":"https:\/\/www.sudoestehoje.com.br\/novoportal\/?p=91631"},"modified":"2020-11-30T18:29:17","modified_gmt":"2020-11-30T21:29:17","slug":"acm-neto-sinaliza-possibilidade-de-disputar-governo-da-bahia-em-2022-mas-nao-descarta-outras-opcoes","status":"publish","type":"post","link":"https:\/\/www.sudoestehoje.com.br\/novoportal\/2020\/11\/30\/acm-neto-sinaliza-possibilidade-de-disputar-governo-da-bahia-em-2022-mas-nao-descarta-outras-opcoes\/","title":{"rendered":"ACM NETO SINALIZA POSSIBILIDADE DE DISPUTAR GOVERNO DA BAHIA EM 2022, MAS N\u00c3O DESCARTA OUTRAS OP\u00c7\u00d5ES"},"content":{"rendered":"<p><a href=\"https:\/\/www.sudoestehoje.com.br\/novoportal\/wp-content\/uploads\/2020\/11\/ACM-NETO.jpeg\"><img loading=\"lazy\" decoding=\"async\" class=\"aligncenter size-medium wp-image-91632\" src=\"https:\/\/www.sudoestehoje.com.br\/novoportal\/wp-content\/uploads\/2020\/11\/ACM-NETO-500x265.jpeg\" alt=\"\" width=\"500\" height=\"265\" srcset=\"https:\/\/www.sudoestehoje.com.br\/novoportal\/wp-content\/uploads\/2020\/11\/ACM-NETO-500x265.jpeg 500w, https:\/\/www.sudoestehoje.com.br\/novoportal\/wp-content\/uploads\/2020\/11\/ACM-NETO-700x371.jpeg 700w, https:\/\/www.sudoestehoje.com.br\/novoportal\/wp-content\/uploads\/2020\/11\/ACM-NETO-768x407.jpeg 768w, https:\/\/www.sudoestehoje.com.br\/novoportal\/wp-content\/uploads\/2020\/11\/ACM-NETO.jpeg 1000w\" sizes=\"auto, (max-width: 500px) 100vw, 500px\" \/><\/a><\/p>\n<p>Em entrevista ao jornal\u00a0<em>Folha de S. Paulo<\/em>, o prefeito de Salvador e presidente nacional do DEM, ACM Neto, diz que seu projeto mais prov\u00e1vel ap\u00f3s encerrar seu mandato \u00e9 ser governador da Bahia, mas ele n\u00e3o descarta outra op\u00e7\u00f5es. \u201cExistem muitas pessoas de dentro e fora que desejariam que eu fosse candidato a presidente. Nao sei se \u00e9 o momento, e n\u00e3o existe candidatura a presidente s\u00e9ria de si pr\u00f3prio, ainda mais num quadro complicado como a gente vive hoje\u201d.<\/p>\n<p>Ele falou sobre a proje\u00e7\u00e3o do DEM nessas elei\u00e7\u00f5es, que teve um crescimento de 74% no n\u00famero de prefeitos eleitos em rela\u00e7\u00e3o a 2016, levando quatro capitais, incluindo Salvador, com Bruno Reis. Neto atribui esse resultado a um trabalho de planejamento iniciado em 2018, focando no crescimento de baixo para cima. Aliado a isso, o democrata avalia o bom momento do partido por se colocar no centro das decis\u00f5es nacionais, com Rodrigo Maia e Davi Alcolumbre, respectivamente, nas presid\u00eancias da C\u00e2mara dos Deputados e do Senado.<\/p>\n<p>\u201cMas era preciso transformar esse capital pol\u00edtico em capital eleitoral. Porque a farinha, no caso do pol\u00edtico, \u00e9 o voto na urna. E o Democratas precisava dar essa resposta. O resultado est\u00e1 a\u00ed: o partido saiu muito maior do que entrou. Tivemos aumento de 55% de candidatos. Trouxemos novos quadros e fizemos um trabalho para focar as capitais. Esperamos consolidar e coroar isso em 2022\u201d.<\/p>\n<p>Neto evita cravar nomes para 2022 e n\u00e3o confirma que o DEM ter\u00e1 um candidato pr\u00f3prio \u00e0 presid\u00eancia, mas confirma que o objetivo \u00e9 tornar o partido o mais relevante das pr\u00f3ximas elei\u00e7\u00f5es.<\/p>\n<p>Ele avalia que as elei\u00e7\u00f5es municipais mostraram que o eleitor deu prefer\u00eancia a pessoas que transmitiram capacidade de gest\u00e3o. \u201cAcabou a hist\u00f3ria do novidadeiro, dos blogueirinhos, dos famosos ou do discurso da antipol\u00edtica. A tal da nova pol\u00edtica ficou velha muito r\u00e1pido\u201d, disse.<\/p>\n<p>Para o democrata, o eleitor est\u00e1 mais consciente de que n\u00e3o deve haver espa\u00e7o para radicaliza\u00e7\u00f5es e frisou: \u201cN\u00e3o posso te dizer quem ser\u00e1 o meu candidato a presidente da Rep\u00fablica, mas uma coisa eu asseguro: n\u00f3s n\u00e3o vamos embarcar em nenhuma op\u00e7\u00e3o dos extremos\u201d.<\/p>\n","protected":false},"excerpt":{"rendered":"<p>Em entrevista ao jornal\u00a0Folha de S. Paulo, o prefeito de Salvador e presidente nacional do DEM, ACM Neto, diz que seu projeto mais prov\u00e1vel ap\u00f3s encerrar seu mandato \u00e9 ser governador da Bahia, mas ele n\u00e3o descarta outra op\u00e7\u00f5es. \u201cExistem muitas pessoas de dentro e fora que desejariam que eu fosse candidato a presidente. Nao [&hellip;]<\/p>\n","protected":false},"author":2,"featured_media":91632,"comment_status":"open","ping_status":"open","sticky":false,"template":"","format":"standard","meta":{"footnotes":"","_links_to":"","_links_to_target":""},"categories":[1],"tags":[],"class_list":["post-91631","post","type-post","status-publish","format-standard","has-post-thumbnail","hentry","category-geral"],"views":1014,"_links":{"self":[{"href":"https:\/\/www.sudoestehoje.com.br\/novoportal\/wp-json\/wp\/v2\/posts\/91631","targetHints":{"allow":["GET"]}}],"collection":[{"href":"https:\/\/www.sudoestehoje.com.br\/novoportal\/wp-json\/wp\/v2\/posts"}],"about":[{"href":"https:\/\/www.sudoestehoje.com.br\/novoportal\/wp-json\/wp\/v2\/types\/post"}],"author":[{"embeddable":true,"href":"https:\/\/www.sudoestehoje.com.br\/novoportal\/wp-json\/wp\/v2\/users\/2"}],"replies":[{"embeddable":true,"href":"https:\/\/www.sudoestehoje.com.br\/novoportal\/wp-json\/wp\/v2\/comments?post=91631"}],"version-history":[{"count":1,"href":"https:\/\/www.sudoestehoje.com.br\/novoportal\/wp-json\/wp\/v2\/posts\/91631\/revisions"}],"predecessor-version":[{"id":91633,"href":"https:\/\/www.sudoestehoje.com.br\/novoportal\/wp-json\/wp\/v2\/posts\/91631\/revisions\/91633"}],"wp:featuredmedia":[{"embeddable":true,"href":"https:\/\/www.sudoestehoje.com.br\/novoportal\/wp-json\/wp\/v2\/media\/91632"}],"wp:attachment":[{"href":"https:\/\/www.sudoestehoje.com.br\/novoportal\/wp-json\/wp\/v2\/media?parent=91631"}],"wp:term":[{"taxonomy":"category","embeddable":true,"href":"https:\/\/www.sudoestehoje.com.br\/novoportal\/wp-json\/wp\/v2\/categories?post=91631"},{"taxonomy":"post_tag","embeddable":true,"href":"https:\/\/www.sudoestehoje.com.br\/novoportal\/wp-json\/wp\/v2\/tags?post=91631"}],"curies":[{"name":"wp","href":"https:\/\/api.w.org\/{rel}","templated":true}]}}