
{"id":91593,"date":"2020-11-29T19:26:41","date_gmt":"2020-11-29T22:26:41","guid":{"rendered":"https:\/\/www.sudoestehoje.com.br\/novoportal\/?p=91593"},"modified":"2020-11-29T21:20:38","modified_gmt":"2020-11-30T00:20:38","slug":"eleicoes-colbert-martins-do-mdb-e-reeleito-prefeito-de-feira-de-santana","status":"publish","type":"post","link":"https:\/\/www.sudoestehoje.com.br\/novoportal\/2020\/11\/29\/eleicoes-colbert-martins-do-mdb-e-reeleito-prefeito-de-feira-de-santana\/","title":{"rendered":"ELEI\u00c7\u00d5ES: COLBERT MARTINS, DO MDB, \u00c9 REELEITO PREFEITO DE FEIRA DE SANTANA"},"content":{"rendered":"<div class=\"mc-column content-text active-extra-styles \" data-block-type=\"unstyled\" data-block-weight=\"49\" data-block-id=\"2\">\n<p data-track-category=\"Link no Texto\" data-track-links=\"\"><a href=\"https:\/\/www.sudoestehoje.com.br\/novoportal\/wp-content\/uploads\/2020\/11\/COLBERT.jpg\"><img loading=\"lazy\" decoding=\"async\" class=\"aligncenter size-medium wp-image-91594\" src=\"https:\/\/www.sudoestehoje.com.br\/novoportal\/wp-content\/uploads\/2020\/11\/COLBERT-500x235.jpg\" alt=\"\" width=\"500\" height=\"235\" srcset=\"https:\/\/www.sudoestehoje.com.br\/novoportal\/wp-content\/uploads\/2020\/11\/COLBERT-500x235.jpg 500w, https:\/\/www.sudoestehoje.com.br\/novoportal\/wp-content\/uploads\/2020\/11\/COLBERT-700x329.jpg 700w, https:\/\/www.sudoestehoje.com.br\/novoportal\/wp-content\/uploads\/2020\/11\/COLBERT-768x361.jpg 768w, https:\/\/www.sudoestehoje.com.br\/novoportal\/wp-content\/uploads\/2020\/11\/COLBERT-1536x722.jpg 1536w, https:\/\/www.sudoestehoje.com.br\/novoportal\/wp-content\/uploads\/2020\/11\/COLBERT.jpg 1600w\" sizes=\"auto, (max-width: 500px) 100vw, 500px\" \/><\/a><\/p>\n<p class=\"content-text__container \" data-track-category=\"Link no Texto\" data-track-links=\"\">Colbert Martins, do MDB, foi reeleito neste domingo (29), no segundo turno das elei\u00e7\u00f5es municipais, prefeito de Feira de Santana, cidade a 100 quil\u00f4metros de Salvador, para os pr\u00f3ximos quatro anos. At\u00e9 as 18h52, Colbert Martins tinha 54,17% dos votos, sendo considerado matematicamente reeleito. Foram 155.351<strong>\u00a0<\/strong>votos no total.<\/p>\n<\/div>\n<div class=\"wall protected-content\">\n<div class=\"mc-column content-text active-extra-styles \" data-block-type=\"unstyled\" data-block-weight=\"14\" data-block-id=\"4\">\n<p class=\"content-text__container \" data-track-category=\"Link no Texto\" data-track-links=\"\">O candidato derrotou Z\u00e9 Neto, que ficou em segundo lugar com 45,83% (131.421 votos).<\/p>\n<\/div>\n<div class=\"mc-column content-text active-extra-styles \" data-block-type=\"unstyled\" data-block-weight=\"17\" data-block-id=\"5\">\n<p class=\"content-text__container \" data-track-category=\"Link no Texto\" data-track-links=\"\">A elei\u00e7\u00e3o em Feira de Santana tinha 18,77% de absten\u00e7\u00e3o, 1,63% votos brancos e 5,22% votos nulos.<\/p>\n<p data-track-category=\"Link no Texto\" data-track-links=\"\"><a href=\"https:\/\/www.sudoestehoje.com.br\/novoportal\/wp-content\/uploads\/2020\/11\/elei\u00e7ao-colbert-tse.jpeg\"><img loading=\"lazy\" decoding=\"async\" class=\"aligncenter size-medium wp-image-91600\" src=\"https:\/\/www.sudoestehoje.com.br\/novoportal\/wp-content\/uploads\/2020\/11\/elei\u00e7ao-colbert-tse-500x494.jpeg\" alt=\"\" width=\"500\" height=\"494\" srcset=\"https:\/\/www.sudoestehoje.com.br\/novoportal\/wp-content\/uploads\/2020\/11\/elei\u00e7ao-colbert-tse-500x494.jpeg 500w, https:\/\/www.sudoestehoje.com.br\/novoportal\/wp-content\/uploads\/2020\/11\/elei\u00e7ao-colbert-tse-700x692.jpeg 700w, https:\/\/www.sudoestehoje.com.br\/novoportal\/wp-content\/uploads\/2020\/11\/elei\u00e7ao-colbert-tse-768x759.jpeg 768w, https:\/\/www.sudoestehoje.com.br\/novoportal\/wp-content\/uploads\/2020\/11\/elei\u00e7ao-colbert-tse.jpeg 1080w\" sizes=\"auto, (max-width: 500px) 100vw, 500px\" \/><\/a><\/p>\n<\/div>\n<div class=\"mc-column content-text active-extra-styles \" data-block-type=\"unstyled\" data-block-weight=\"101\" data-block-id=\"6\">\n<p class=\"content-text__container \" data-track-category=\"Link no Texto\" data-track-links=\"\">\u201cQuero agradecer a voc\u00ea meu amigo, minha amiga de Feira de Santana, a voc\u00ea que votou conosco. A voc\u00ea que nos ajudou, que participou, que lutou. Muito obrigado, devo essa vit\u00f3ria a cada um de voc\u00eas. Contem comigo. Vou come\u00e7ar a trabalhar amanh\u00e3, como a gente faz todos os dias. Mas agrade\u00e7o pelos novos quatro anos. Que, a partir do 1\u00ba de janeiro de 2021, eu vou estar com voc\u00eas mais pr\u00f3ximos, agradecido, respeitando; pedindo que voc\u00eas continuem, me sugerindo, abra\u00e7ando que eu quero abra\u00e7ar a cada um de voc\u00eas. Essa vit\u00f3ria \u00e9 nossa&#8221;, disse Colbert Martins (MDB) nas redes sociais.<\/p>\n<\/div>\n<div class=\"mc-column content-text active-extra-styles \" data-block-type=\"unstyled\" data-block-weight=\"27\" data-block-id=\"7\">\n<p class=\"content-text__container \" data-track-category=\"Link no Texto\" data-track-links=\"\">Colbert Martins tem 68 anos, \u00e9 casado, tem superior completo e declara ao TSE a ocupa\u00e7\u00e3o de prefeito. Ele tem um patrim\u00f4nio declarado de R$ 895.895,70.<\/p>\n<\/div>\n<\/div>\n","protected":false},"excerpt":{"rendered":"<p>Colbert Martins, do MDB, foi reeleito neste domingo (29), no segundo turno das elei\u00e7\u00f5es municipais, prefeito de Feira de Santana, cidade a 100 quil\u00f4metros de Salvador, para os pr\u00f3ximos quatro anos. At\u00e9 as 18h52, Colbert Martins tinha 54,17% dos votos, sendo considerado matematicamente reeleito. Foram 155.351\u00a0votos no total. O candidato derrotou Z\u00e9 Neto, que ficou [&hellip;]<\/p>\n","protected":false},"author":2,"featured_media":91594,"comment_status":"open","ping_status":"open","sticky":false,"template":"","format":"standard","meta":{"footnotes":"","_links_to":"","_links_to_target":""},"categories":[1],"tags":[],"class_list":["post-91593","post","type-post","status-publish","format-standard","has-post-thumbnail","hentry","category-geral"],"views":1001,"_links":{"self":[{"href":"https:\/\/www.sudoestehoje.com.br\/novoportal\/wp-json\/wp\/v2\/posts\/91593","targetHints":{"allow":["GET"]}}],"collection":[{"href":"https:\/\/www.sudoestehoje.com.br\/novoportal\/wp-json\/wp\/v2\/posts"}],"about":[{"href":"https:\/\/www.sudoestehoje.com.br\/novoportal\/wp-json\/wp\/v2\/types\/post"}],"author":[{"embeddable":true,"href":"https:\/\/www.sudoestehoje.com.br\/novoportal\/wp-json\/wp\/v2\/users\/2"}],"replies":[{"embeddable":true,"href":"https:\/\/www.sudoestehoje.com.br\/novoportal\/wp-json\/wp\/v2\/comments?post=91593"}],"version-history":[{"count":2,"href":"https:\/\/www.sudoestehoje.com.br\/novoportal\/wp-json\/wp\/v2\/posts\/91593\/revisions"}],"predecessor-version":[{"id":91601,"href":"https:\/\/www.sudoestehoje.com.br\/novoportal\/wp-json\/wp\/v2\/posts\/91593\/revisions\/91601"}],"wp:featuredmedia":[{"embeddable":true,"href":"https:\/\/www.sudoestehoje.com.br\/novoportal\/wp-json\/wp\/v2\/media\/91594"}],"wp:attachment":[{"href":"https:\/\/www.sudoestehoje.com.br\/novoportal\/wp-json\/wp\/v2\/media?parent=91593"}],"wp:term":[{"taxonomy":"category","embeddable":true,"href":"https:\/\/www.sudoestehoje.com.br\/novoportal\/wp-json\/wp\/v2\/categories?post=91593"},{"taxonomy":"post_tag","embeddable":true,"href":"https:\/\/www.sudoestehoje.com.br\/novoportal\/wp-json\/wp\/v2\/tags?post=91593"}],"curies":[{"name":"wp","href":"https:\/\/api.w.org\/{rel}","templated":true}]}}