
{"id":91556,"date":"2020-11-28T20:06:14","date_gmt":"2020-11-28T23:06:14","guid":{"rendered":"https:\/\/www.sudoestehoje.com.br\/novoportal\/?p=91556"},"modified":"2020-11-28T20:06:14","modified_gmt":"2020-11-28T23:06:14","slug":"dobra-o-numero-de-infectados-por-covid-19-na-bahia-com-4-204-casos-nas-ultimas-24-hs","status":"publish","type":"post","link":"https:\/\/www.sudoestehoje.com.br\/novoportal\/2020\/11\/28\/dobra-o-numero-de-infectados-por-covid-19-na-bahia-com-4-204-casos-nas-ultimas-24-hs\/","title":{"rendered":"DOBRA O N\u00daMERO DE INFECTADOS POR COVID-19 NA BAHIA, COM 4.204 CASOS NAS \u00daLTIMAS 24 HS"},"content":{"rendered":"<div class=\"mc-column content-text active-extra-styles \" data-block-type=\"unstyled\" data-block-weight=\"40\" data-block-id=\"2\">\n<p data-track-category=\"Link no Texto\" data-track-links=\"\"><a href=\"https:\/\/www.sudoestehoje.com.br\/novoportal\/wp-content\/uploads\/2020\/11\/COVID-SOBE.jpg\"><img loading=\"lazy\" decoding=\"async\" class=\"aligncenter size-medium wp-image-91557\" src=\"https:\/\/www.sudoestehoje.com.br\/novoportal\/wp-content\/uploads\/2020\/11\/COVID-SOBE-500x235.jpg\" alt=\"\" width=\"500\" height=\"235\" srcset=\"https:\/\/www.sudoestehoje.com.br\/novoportal\/wp-content\/uploads\/2020\/11\/COVID-SOBE-500x235.jpg 500w, https:\/\/www.sudoestehoje.com.br\/novoportal\/wp-content\/uploads\/2020\/11\/COVID-SOBE-700x329.jpg 700w, https:\/\/www.sudoestehoje.com.br\/novoportal\/wp-content\/uploads\/2020\/11\/COVID-SOBE-768x361.jpg 768w, https:\/\/www.sudoestehoje.com.br\/novoportal\/wp-content\/uploads\/2020\/11\/COVID-SOBE-1536x722.jpg 1536w, https:\/\/www.sudoestehoje.com.br\/novoportal\/wp-content\/uploads\/2020\/11\/COVID-SOBE.jpg 1600w\" sizes=\"auto, (max-width: 500px) 100vw, 500px\" \/><\/a><\/p>\n<p class=\"content-text__container \" data-track-category=\"Link no Texto\" data-track-links=\"\">A Bahia registrou 4.204 novos casos de Covid-19 nas \u00faltimas 24 horas, segundo boletim divulgado pela Secretaria da Sa\u00fade do Estado (Sesab), na tarde deste s\u00e1bado (28), mais do que o dobro registrado na sexta (27), quando contabilizou 1.919 casos.<\/p>\n<\/div>\n<div class=\"wall protected-content\">\n<div class=\"mc-column content-text active-extra-styles \" data-block-type=\"unstyled\" data-block-weight=\"47\" data-block-id=\"3\">\n<p class=\"content-text__container \" data-track-category=\"Link no Texto\" data-track-links=\"\">Segundo a Sesab, o aumento do n\u00famero de casos deve-se a retomada das coletas e testagens em n\u00edveis pr\u00e9-eleitorais por parte das prefeituras e o abrandamento, por parte da popula\u00e7\u00e3o, das medidas de precau\u00e7\u00e3o, a exemplo da utiliza\u00e7\u00e3o da m\u00e1scara, distanciamento social e higiene frequente das m\u00e3os.<\/p>\n<\/div>\n<div class=\"mc-column content-text active-extra-styles \" data-block-type=\"unstyled\" data-block-weight=\"56\" data-block-id=\"4\">\n<p class=\"content-text__container \" data-track-category=\"Link no Texto\" data-track-links=\"\">De acordo com a secretaria, nas \u00faltimas 24 horas, a taxa de crescimento no n\u00famero de casos foi de +1,1% e de recuperados +0,8% (2.858). O boletim epidemiol\u00f3gico ainda contabiliza 20 \u00f3bitos que ocorreram em datas diferentes. O n\u00famero total de mortes desde o in\u00edcio da pandemia \u00e9 8.227, o que representa uma letalidade de 2,06%.<\/p>\n<\/div>\n<div class=\"mc-column content-text active-extra-styles \" data-block-type=\"unstyled\" data-block-weight=\"22\" data-block-id=\"5\">\n<p class=\"content-text__container \" data-track-category=\"Link no Texto\" data-track-links=\"\">Segundo a Sesab, s\u00e3o 398.504 casos confirmados desde o in\u00edcio da pandemia. Desses, 379.965 j\u00e1 s\u00e3o considerados curados e 10.312 encontram-se ativos.<\/p>\n<\/div>\n<div class=\"mc-column content-text active-extra-styles \" data-block-type=\"unstyled\" data-block-weight=\"51\" data-block-id=\"6\">\n<p class=\"content-text__container \" data-track-category=\"Link no Texto\" data-track-links=\"\">A secretaria informou que entre as mortes, 56,36% ocorreram no sexo masculino e 43,64% no sexo feminino. Em rela\u00e7\u00e3o ao quesito ra\u00e7a e cor, 54,65% corresponderam a parda, seguidos por branca com 18,21%, preta com 14,87%, amarela com 0,72%, ind\u00edgena com 0,11% e n\u00e3o h\u00e1 informa\u00e7\u00e3o em 11,45% dos \u00f3bitos.<\/p>\n<\/div>\n<\/div>\n","protected":false},"excerpt":{"rendered":"<p>A Bahia registrou 4.204 novos casos de Covid-19 nas \u00faltimas 24 horas, segundo boletim divulgado pela Secretaria da Sa\u00fade do Estado (Sesab), na tarde deste s\u00e1bado (28), mais do que o dobro registrado na sexta (27), quando contabilizou 1.919 casos. Segundo a Sesab, o aumento do n\u00famero de casos deve-se a retomada das coletas e [&hellip;]<\/p>\n","protected":false},"author":2,"featured_media":91557,"comment_status":"open","ping_status":"open","sticky":false,"template":"","format":"standard","meta":{"footnotes":"","_links_to":"","_links_to_target":""},"categories":[1],"tags":[],"class_list":["post-91556","post","type-post","status-publish","format-standard","has-post-thumbnail","hentry","category-geral"],"views":1091,"_links":{"self":[{"href":"https:\/\/www.sudoestehoje.com.br\/novoportal\/wp-json\/wp\/v2\/posts\/91556","targetHints":{"allow":["GET"]}}],"collection":[{"href":"https:\/\/www.sudoestehoje.com.br\/novoportal\/wp-json\/wp\/v2\/posts"}],"about":[{"href":"https:\/\/www.sudoestehoje.com.br\/novoportal\/wp-json\/wp\/v2\/types\/post"}],"author":[{"embeddable":true,"href":"https:\/\/www.sudoestehoje.com.br\/novoportal\/wp-json\/wp\/v2\/users\/2"}],"replies":[{"embeddable":true,"href":"https:\/\/www.sudoestehoje.com.br\/novoportal\/wp-json\/wp\/v2\/comments?post=91556"}],"version-history":[{"count":3,"href":"https:\/\/www.sudoestehoje.com.br\/novoportal\/wp-json\/wp\/v2\/posts\/91556\/revisions"}],"predecessor-version":[{"id":91560,"href":"https:\/\/www.sudoestehoje.com.br\/novoportal\/wp-json\/wp\/v2\/posts\/91556\/revisions\/91560"}],"wp:featuredmedia":[{"embeddable":true,"href":"https:\/\/www.sudoestehoje.com.br\/novoportal\/wp-json\/wp\/v2\/media\/91557"}],"wp:attachment":[{"href":"https:\/\/www.sudoestehoje.com.br\/novoportal\/wp-json\/wp\/v2\/media?parent=91556"}],"wp:term":[{"taxonomy":"category","embeddable":true,"href":"https:\/\/www.sudoestehoje.com.br\/novoportal\/wp-json\/wp\/v2\/categories?post=91556"},{"taxonomy":"post_tag","embeddable":true,"href":"https:\/\/www.sudoestehoje.com.br\/novoportal\/wp-json\/wp\/v2\/tags?post=91556"}],"curies":[{"name":"wp","href":"https:\/\/api.w.org\/{rel}","templated":true}]}}