
{"id":9154,"date":"2011-09-29T02:03:35","date_gmt":"2011-09-29T05:03:35","guid":{"rendered":"http:\/\/www.sudoestehoje.com.br\/novoportal\/?p=9154"},"modified":"2011-09-29T15:52:39","modified_gmt":"2011-09-29T18:52:39","slug":"oposicao-formaliza-cpi-da-vidal","status":"publish","type":"post","link":"https:\/\/www.sudoestehoje.com.br\/novoportal\/2011\/09\/29\/oposicao-formaliza-cpi-da-vidal\/","title":{"rendered":"OPOSI\u00c7\u00c3O FORMALIZA CPI DA VIDAL"},"content":{"rendered":"<p style=\"text-align: center;\"><img decoding=\"async\" class=\"aligncenter\" src=\"http:\/\/farm4.static.flickr.com\/3355\/3605294869_30859ab7cf.jpg\" alt=\"\" width=\"400\" \/><\/p>\n<p style=\"text-align: center;\"><em><strong>Esquema de corrup\u00e7\u00e3o pode vir \u00e0 tona com \u00a0CPI da Bernardo Vidal<\/strong><\/em><\/p>\n<p>ITAPETINGA: Na sess\u00e3o desta quarta-feira o clima esquentou na C\u00e2mara de Vereadores. O prefeito sofre mais uma derrota pol\u00edtica e a oposi\u00e7\u00e3o apresenta o requerimento de abertura de uma CPI para apurar o contrato com a empresa Bernardo e Vidal com assinatura de cinco vereadores. Gilson de Jesus, Ded\u00e9 Morais, Chiquinho, Naara e Fabiano Bahia com suas assinaturas formaram um ter\u00e7o, que \u00e9 o m\u00ednimo exigido para instalar apura\u00e7\u00e3o no legislativo.<\/p>\n<p>O Vereador Alfredo Assis que recentemente aderiu ao PSD afirmou que n\u00e3o foi autorizado pelo Presidente do seu partido o vice-governador Otto Alencar para assinar a CPI. O mais interessante neste fato \u00e9 que foi Alfredo que investigou o contrato, denunciou na imprensa e solicitou esclarecimentos ao Prefeito e no final ficou de fora. Est\u00e1 claro que o PSD que faz parte do governo Wagner e n\u00e3o vai autorizar sua assinatura. Ao escolher o PSD e n\u00e3o assinar a CPI, Alfredo fez a op\u00e7\u00e3o de retornar ao aconchego do governo JCM. Esteve inclusive em Salvador junto com o vereador Marcos em audi\u00eancia com o Deputado Rosemberg Pinto.<\/p>\n<p>Para Gilson de Jesus a fun\u00e7\u00e3o da CPI \u00e9 jogar luz neste contrato nebuloso que o munic\u00edpio j\u00e1 gastou 600 mil e n\u00e3o se sabe ao certo se foi recuperado algum dinheiro. O Presidente da Casa Jo\u00e3o de Deus do PMDB anunciou que a mesa ir\u00e1 analisar juridicamente a CPI e na sess\u00e3o de quinta divulgar\u00e1 posi\u00e7\u00e3o. Os Vereadores de situa\u00e7\u00e3o tentam manobrar para que haja vota\u00e7\u00e3o em plen\u00e1rio antes da instala\u00e7\u00e3o da CPI.<\/p>\n<p>A noite de quarta-feira dia 28, ser\u00e1 uma das mais longas da hist\u00f3ria pol\u00edtica de Z\u00e9 Carlos, que al\u00e9m de perder diversos aliados, agora vai sofrer apura\u00e7\u00e3o dos seus atos.<\/p>\n<p><em><strong>Do ITAPETINGA NET<\/strong><\/em><\/p>\n","protected":false},"excerpt":{"rendered":"<p>Esquema de corrup\u00e7\u00e3o pode vir \u00e0 tona com \u00a0CPI da Bernardo Vidal ITAPETINGA: Na sess\u00e3o desta quarta-feira o clima esquentou na C\u00e2mara de Vereadores. O prefeito sofre mais uma derrota pol\u00edtica e a oposi\u00e7\u00e3o apresenta o requerimento de abertura de uma CPI para apurar o contrato com a empresa Bernardo e Vidal com assinatura de [&hellip;]<\/p>\n","protected":false},"author":2,"featured_media":0,"comment_status":"open","ping_status":"open","sticky":false,"template":"","format":"standard","meta":{"footnotes":"","_links_to":"","_links_to_target":""},"categories":[1],"tags":[],"class_list":["post-9154","post","type-post","status-publish","format-standard","hentry","category-geral"],"views":1351,"_links":{"self":[{"href":"https:\/\/www.sudoestehoje.com.br\/novoportal\/wp-json\/wp\/v2\/posts\/9154","targetHints":{"allow":["GET"]}}],"collection":[{"href":"https:\/\/www.sudoestehoje.com.br\/novoportal\/wp-json\/wp\/v2\/posts"}],"about":[{"href":"https:\/\/www.sudoestehoje.com.br\/novoportal\/wp-json\/wp\/v2\/types\/post"}],"author":[{"embeddable":true,"href":"https:\/\/www.sudoestehoje.com.br\/novoportal\/wp-json\/wp\/v2\/users\/2"}],"replies":[{"embeddable":true,"href":"https:\/\/www.sudoestehoje.com.br\/novoportal\/wp-json\/wp\/v2\/comments?post=9154"}],"version-history":[{"count":4,"href":"https:\/\/www.sudoestehoje.com.br\/novoportal\/wp-json\/wp\/v2\/posts\/9154\/revisions"}],"predecessor-version":[{"id":9182,"href":"https:\/\/www.sudoestehoje.com.br\/novoportal\/wp-json\/wp\/v2\/posts\/9154\/revisions\/9182"}],"wp:attachment":[{"href":"https:\/\/www.sudoestehoje.com.br\/novoportal\/wp-json\/wp\/v2\/media?parent=9154"}],"wp:term":[{"taxonomy":"category","embeddable":true,"href":"https:\/\/www.sudoestehoje.com.br\/novoportal\/wp-json\/wp\/v2\/categories?post=9154"},{"taxonomy":"post_tag","embeddable":true,"href":"https:\/\/www.sudoestehoje.com.br\/novoportal\/wp-json\/wp\/v2\/tags?post=9154"}],"curies":[{"name":"wp","href":"https:\/\/api.w.org\/{rel}","templated":true}]}}