
{"id":91480,"date":"2020-11-24T20:02:40","date_gmt":"2020-11-24T23:02:40","guid":{"rendered":"https:\/\/www.sudoestehoje.com.br\/novoportal\/?p=91480"},"modified":"2020-11-25T11:11:29","modified_gmt":"2020-11-25T14:11:29","slug":"abertura-do-e-agro-2020-e-nesta-quarta","status":"publish","type":"post","link":"https:\/\/www.sudoestehoje.com.br\/novoportal\/2020\/11\/24\/abertura-do-e-agro-2020-e-nesta-quarta\/","title":{"rendered":"ABERTURA DO E-AGRO BAHIA 2020 \u00c9 NESTA QUARTA-FEIRA; INSCREVA-SE"},"content":{"rendered":"<p><a href=\"https:\/\/www.sudoestehoje.com.br\/novoportal\/wp-content\/uploads\/2020\/11\/agro-1.jpeg\"><img loading=\"lazy\" decoding=\"async\" class=\"aligncenter size-medium wp-image-91481\" src=\"https:\/\/www.sudoestehoje.com.br\/novoportal\/wp-content\/uploads\/2020\/11\/agro-1-500x500.jpeg\" alt=\"\" width=\"500\" height=\"500\" srcset=\"https:\/\/www.sudoestehoje.com.br\/novoportal\/wp-content\/uploads\/2020\/11\/agro-1-500x500.jpeg 500w, https:\/\/www.sudoestehoje.com.br\/novoportal\/wp-content\/uploads\/2020\/11\/agro-1-700x700.jpeg 700w, https:\/\/www.sudoestehoje.com.br\/novoportal\/wp-content\/uploads\/2020\/11\/agro-1-150x150.jpeg 150w, https:\/\/www.sudoestehoje.com.br\/novoportal\/wp-content\/uploads\/2020\/11\/agro-1-768x768.jpeg 768w, https:\/\/www.sudoestehoje.com.br\/novoportal\/wp-content\/uploads\/2020\/11\/agro-1.jpeg 1200w\" sizes=\"auto, (max-width: 500px) 100vw, 500px\" \/><\/a><\/p>\n<p>J\u00e1 est\u00e1 tudo pronto! Amanh\u00e3, a partir das 18h30, voc\u00ea vai acompanhar a abertura oficial da e-Agro 2020 com Humberto Miranda, presidente da FAEB, e Jorge Khoury, superintendente do Sebrae! O evento vai at\u00e9 o dia 27 e contar\u00e1 com pain\u00e9is, lives, palestras, leil\u00f5es, ofertas exclusivas e muito mais.<\/p>\n<p>Ainda d\u00e1 tempo de se inscrever! Acesse agora<a href=\"https:\/\/eagrodigital.com.br\"> https:\/\/eagrodigital.com.br<\/a> e garanta sua vaga.<\/p>\n<p><a href=\"https:\/\/www.sudoestehoje.com.br\/novoportal\/wp-content\/uploads\/2020\/11\/agro-2.jpeg\"><img loading=\"lazy\" decoding=\"async\" class=\"aligncenter size-medium wp-image-91482\" src=\"https:\/\/www.sudoestehoje.com.br\/novoportal\/wp-content\/uploads\/2020\/11\/agro-2-500x500.jpeg\" alt=\"\" width=\"500\" height=\"500\" srcset=\"https:\/\/www.sudoestehoje.com.br\/novoportal\/wp-content\/uploads\/2020\/11\/agro-2-500x500.jpeg 500w, https:\/\/www.sudoestehoje.com.br\/novoportal\/wp-content\/uploads\/2020\/11\/agro-2-700x700.jpeg 700w, https:\/\/www.sudoestehoje.com.br\/novoportal\/wp-content\/uploads\/2020\/11\/agro-2-150x150.jpeg 150w, https:\/\/www.sudoestehoje.com.br\/novoportal\/wp-content\/uploads\/2020\/11\/agro-2-768x768.jpeg 768w, https:\/\/www.sudoestehoje.com.br\/novoportal\/wp-content\/uploads\/2020\/11\/agro-2.jpeg 1200w\" sizes=\"auto, (max-width: 500px) 100vw, 500px\" \/><\/a><\/p>\n","protected":false},"excerpt":{"rendered":"<p>J\u00e1 est\u00e1 tudo pronto! Amanh\u00e3, a partir das 18h30, voc\u00ea vai acompanhar a abertura oficial da e-Agro 2020 com Humberto Miranda, presidente da FAEB, e Jorge Khoury, superintendente do Sebrae! O evento vai at\u00e9 o dia 27 e contar\u00e1 com pain\u00e9is, lives, palestras, leil\u00f5es, ofertas exclusivas e muito mais. Ainda d\u00e1 tempo de se inscrever! [&hellip;]<\/p>\n","protected":false},"author":2,"featured_media":91481,"comment_status":"open","ping_status":"open","sticky":false,"template":"","format":"standard","meta":{"footnotes":"","_links_to":"","_links_to_target":""},"categories":[1],"tags":[],"class_list":["post-91480","post","type-post","status-publish","format-standard","has-post-thumbnail","hentry","category-geral"],"views":901,"_links":{"self":[{"href":"https:\/\/www.sudoestehoje.com.br\/novoportal\/wp-json\/wp\/v2\/posts\/91480","targetHints":{"allow":["GET"]}}],"collection":[{"href":"https:\/\/www.sudoestehoje.com.br\/novoportal\/wp-json\/wp\/v2\/posts"}],"about":[{"href":"https:\/\/www.sudoestehoje.com.br\/novoportal\/wp-json\/wp\/v2\/types\/post"}],"author":[{"embeddable":true,"href":"https:\/\/www.sudoestehoje.com.br\/novoportal\/wp-json\/wp\/v2\/users\/2"}],"replies":[{"embeddable":true,"href":"https:\/\/www.sudoestehoje.com.br\/novoportal\/wp-json\/wp\/v2\/comments?post=91480"}],"version-history":[{"count":3,"href":"https:\/\/www.sudoestehoje.com.br\/novoportal\/wp-json\/wp\/v2\/posts\/91480\/revisions"}],"predecessor-version":[{"id":91485,"href":"https:\/\/www.sudoestehoje.com.br\/novoportal\/wp-json\/wp\/v2\/posts\/91480\/revisions\/91485"}],"wp:featuredmedia":[{"embeddable":true,"href":"https:\/\/www.sudoestehoje.com.br\/novoportal\/wp-json\/wp\/v2\/media\/91481"}],"wp:attachment":[{"href":"https:\/\/www.sudoestehoje.com.br\/novoportal\/wp-json\/wp\/v2\/media?parent=91480"}],"wp:term":[{"taxonomy":"category","embeddable":true,"href":"https:\/\/www.sudoestehoje.com.br\/novoportal\/wp-json\/wp\/v2\/categories?post=91480"},{"taxonomy":"post_tag","embeddable":true,"href":"https:\/\/www.sudoestehoje.com.br\/novoportal\/wp-json\/wp\/v2\/tags?post=91480"}],"curies":[{"name":"wp","href":"https:\/\/api.w.org\/{rel}","templated":true}]}}