
{"id":91440,"date":"2020-11-24T17:23:38","date_gmt":"2020-11-24T20:23:38","guid":{"rendered":"https:\/\/www.sudoestehoje.com.br\/novoportal\/?p=91440"},"modified":"2020-11-24T17:25:10","modified_gmt":"2020-11-24T20:25:10","slug":"beneficiarios-do-auxilio-emergencial-doaram-mais-de-54-milhoes-a-candidatos-nas-eleicoes","status":"publish","type":"post","link":"https:\/\/www.sudoestehoje.com.br\/novoportal\/2020\/11\/24\/beneficiarios-do-auxilio-emergencial-doaram-mais-de-54-milhoes-a-candidatos-nas-eleicoes\/","title":{"rendered":"BRASIL: BENEFICI\u00c1RIOS DO AUX\u00cdLIO EMERGENCIAL DOARAM MAIS DE 54 MILH\u00d5ES A CANDIDATOS NAS ELEI\u00c7\u00d5ES"},"content":{"rendered":"<p><a href=\"https:\/\/www.sudoestehoje.com.br\/novoportal\/wp-content\/uploads\/2020\/11\/DOA\u00c7\u00c3O.jpg\"><img loading=\"lazy\" decoding=\"async\" class=\"aligncenter size-medium wp-image-91441\" src=\"https:\/\/www.sudoestehoje.com.br\/novoportal\/wp-content\/uploads\/2020\/11\/DOA\u00c7\u00c3O-500x333.jpg\" alt=\"\" width=\"500\" height=\"333\" srcset=\"https:\/\/www.sudoestehoje.com.br\/novoportal\/wp-content\/uploads\/2020\/11\/DOA\u00c7\u00c3O-500x333.jpg 500w, https:\/\/www.sudoestehoje.com.br\/novoportal\/wp-content\/uploads\/2020\/11\/DOA\u00c7\u00c3O-700x467.jpg 700w, https:\/\/www.sudoestehoje.com.br\/novoportal\/wp-content\/uploads\/2020\/11\/DOA\u00c7\u00c3O-768x512.jpg 768w, https:\/\/www.sudoestehoje.com.br\/novoportal\/wp-content\/uploads\/2020\/11\/DOA\u00c7\u00c3O.jpg 960w\" sizes=\"auto, (max-width: 500px) 100vw, 500px\" \/><\/a><\/p>\n<p>O Tribunal Superior Eleitoral (TSE) identificou que 64 mil pessoas beneficiadas com o aux\u00edlio emergencial fizeram doa\u00e7\u00f5es a candidatos no primeiro turno aas elei\u00e7\u00f5es municipais deste ano. A informa\u00e7\u00e3o foi divulgada nesta ter\u00e7a-feira (24) pela TV Globo.<\/p>\n<p>De acordo com a reportagem, o relat\u00f3rio \u00e9 do N\u00facleo de Intelig\u00eancia da Justi\u00e7a Eleitoral. O documento aponta que os repasses feitos pelos benefici\u00e1rios somam mais de R$ 54,5 milh\u00f5es.<\/p>\n<p>Segundo a \u00e1rea t\u00e9cnica do TSE, houve, nas elei\u00e7\u00f5es, impacto significativo das verbas fornecidas pelo governo federal ao aux\u00edlio. At\u00e9 o momento, cerca de R$ 589 milh\u00f5es s\u00e3o investigados pelo tribunal.<\/p>\n<p>O levantamento traz a informa\u00e7\u00f5es de que h\u00e1 31.725 fornecedores de campanha entre benefici\u00e1rios do Bolsa Fam\u00edlia ou do aux\u00edlio emergencial. Empresas com esse prop\u00f3sito receberam, juntas, R$ 386 milh\u00f5es.<br \/>\nAl\u00e9m disso, segundo o portal Metr\u00f3poles, tamb\u00e9m foram identificadas:<\/p>\n<p>\u2022\u00a0\u00a0 \u00a07.985 empresas criadas recentemente e com s\u00f3cio filiado a partido pol\u00edtico que receberam um total de R$ 68,7 milh\u00f5es;<br \/>\n\u2022\u00a0\u00a0 \u00a012.437 doadores sem emprego formal que repassaram um total de R$ 44,2 milh\u00f5es;<br \/>\n\u2022\u00a0\u00a0 \u00a02.751 doadores com renda incompat\u00edvel com doa\u00e7\u00f5es que somam R$ 23,7 milh\u00f5es;<br \/>\n\u2022\u00a0\u00a0 \u00a05.603 prestadores de servi\u00e7o que t\u00eam parentesco com candidatos e que receberam um total de R$ 7,3 milh\u00f5es;<br \/>\n\u2022\u00a0\u00a0 \u00a01.949 fornecedores sem registro na junta comercial ou na Receita que receberam R$ 3,3 milh\u00f5es;<br \/>\n\u2022\u00a0\u00a0 \u00a024 doadores aparecem no Sistema de Controle de \u00d3bitos e como respons\u00e1veis por doa\u00e7\u00f5es de R$ 36 mil.<\/p>\n<p>A partir do relat\u00f3rio da Justi\u00e7a Eleitoral, ju\u00edzes poder\u00e3o determinar novas investiga\u00e7\u00f5es, al\u00e9m de usar o material para julgar as contas eleitorais.<\/p>\n<p>O Minist\u00e9rio P\u00fablico Eleitoral tamb\u00e9m vai apurar os casos. Se um candidato tiver qualquer irregularidade confirmada, poder\u00e1 ter seu mandato questionado na Justi\u00e7a.\/\/BN<\/p>\n","protected":false},"excerpt":{"rendered":"<p>O Tribunal Superior Eleitoral (TSE) identificou que 64 mil pessoas beneficiadas com o aux\u00edlio emergencial fizeram doa\u00e7\u00f5es a candidatos no primeiro turno aas elei\u00e7\u00f5es municipais deste ano. A informa\u00e7\u00e3o foi divulgada nesta ter\u00e7a-feira (24) pela TV Globo. De acordo com a reportagem, o relat\u00f3rio \u00e9 do N\u00facleo de Intelig\u00eancia da Justi\u00e7a Eleitoral. O documento aponta [&hellip;]<\/p>\n","protected":false},"author":2,"featured_media":91441,"comment_status":"open","ping_status":"open","sticky":false,"template":"","format":"standard","meta":{"footnotes":"","_links_to":"","_links_to_target":""},"categories":[1],"tags":[],"class_list":["post-91440","post","type-post","status-publish","format-standard","has-post-thumbnail","hentry","category-geral"],"views":837,"_links":{"self":[{"href":"https:\/\/www.sudoestehoje.com.br\/novoportal\/wp-json\/wp\/v2\/posts\/91440","targetHints":{"allow":["GET"]}}],"collection":[{"href":"https:\/\/www.sudoestehoje.com.br\/novoportal\/wp-json\/wp\/v2\/posts"}],"about":[{"href":"https:\/\/www.sudoestehoje.com.br\/novoportal\/wp-json\/wp\/v2\/types\/post"}],"author":[{"embeddable":true,"href":"https:\/\/www.sudoestehoje.com.br\/novoportal\/wp-json\/wp\/v2\/users\/2"}],"replies":[{"embeddable":true,"href":"https:\/\/www.sudoestehoje.com.br\/novoportal\/wp-json\/wp\/v2\/comments?post=91440"}],"version-history":[{"count":3,"href":"https:\/\/www.sudoestehoje.com.br\/novoportal\/wp-json\/wp\/v2\/posts\/91440\/revisions"}],"predecessor-version":[{"id":91444,"href":"https:\/\/www.sudoestehoje.com.br\/novoportal\/wp-json\/wp\/v2\/posts\/91440\/revisions\/91444"}],"wp:featuredmedia":[{"embeddable":true,"href":"https:\/\/www.sudoestehoje.com.br\/novoportal\/wp-json\/wp\/v2\/media\/91441"}],"wp:attachment":[{"href":"https:\/\/www.sudoestehoje.com.br\/novoportal\/wp-json\/wp\/v2\/media?parent=91440"}],"wp:term":[{"taxonomy":"category","embeddable":true,"href":"https:\/\/www.sudoestehoje.com.br\/novoportal\/wp-json\/wp\/v2\/categories?post=91440"},{"taxonomy":"post_tag","embeddable":true,"href":"https:\/\/www.sudoestehoje.com.br\/novoportal\/wp-json\/wp\/v2\/tags?post=91440"}],"curies":[{"name":"wp","href":"https:\/\/api.w.org\/{rel}","templated":true}]}}