
{"id":91317,"date":"2020-11-16T21:43:26","date_gmt":"2020-11-17T00:43:26","guid":{"rendered":"https:\/\/www.sudoestehoje.com.br\/novoportal\/?p=91317"},"modified":"2020-11-16T21:43:26","modified_gmt":"2020-11-17T00:43:26","slug":"eleicao-em-conquista-sera-definida-em-2o-turno-entre-herzem-e-ze-raimundo","status":"publish","type":"post","link":"https:\/\/www.sudoestehoje.com.br\/novoportal\/2020\/11\/16\/eleicao-em-conquista-sera-definida-em-2o-turno-entre-herzem-e-ze-raimundo\/","title":{"rendered":"ELEI\u00c7\u00c3O EM CONQUISTA SER\u00c1 DEFINIDA EM 2\u00ba TURNO ENTRE HERZEM E Z\u00c9 RAIMUNDO"},"content":{"rendered":"<div class=\"mc-column content-text active-extra-styles \" data-block-type=\"unstyled\" data-block-weight=\"39\" data-block-id=\"2\">\n<p data-track-category=\"Link no Texto\" data-track-links=\"\"><a href=\"https:\/\/www.sudoestehoje.com.br\/novoportal\/wp-content\/uploads\/2020\/11\/HERZEM-E-ZE.jpg\"><img loading=\"lazy\" decoding=\"async\" class=\"aligncenter size-medium wp-image-91320\" src=\"https:\/\/www.sudoestehoje.com.br\/novoportal\/wp-content\/uploads\/2020\/11\/HERZEM-E-ZE-500x333.jpg\" alt=\"\" width=\"500\" height=\"333\" srcset=\"https:\/\/www.sudoestehoje.com.br\/novoportal\/wp-content\/uploads\/2020\/11\/HERZEM-E-ZE-500x333.jpg 500w, https:\/\/www.sudoestehoje.com.br\/novoportal\/wp-content\/uploads\/2020\/11\/HERZEM-E-ZE.jpg 512w\" sizes=\"auto, (max-width: 500px) 100vw, 500px\" \/><\/a><\/p>\n<p class=\"content-text__container \" data-track-category=\"Link no Texto\" data-track-links=\"\">Z\u00e9 Raimundo, do PT, e Herzem Gusm\u00e3o, do MDB, v\u00e3o decidir em 2\u00ba turno, no pr\u00f3ximo dia 29, quem ser\u00e1 o pr\u00f3ximo prefeito de Vit\u00f3ria da Conquista, cidade do sudoeste da Bahia. Gusm\u00e3o est\u00e1 em busca da reelei\u00e7\u00e3o.<\/p>\n<p data-track-category=\"Link no Texto\" data-track-links=\"\">Ao fim da apura\u00e7\u00e3o, segundo dados do TSE (Tribunal Superior Eleitoral), Z\u00e9 Raimundo teve 81.721 votos (47,63% dos votos), ante 78.732 de Herzem Gusm\u00e3o \u2013 o que representa 45,89% dos votos.<\/p>\n<\/div>\n<div class=\"wall protected-content\">\n<div class=\"mc-column content-text active-extra-styles \" data-block-type=\"unstyled\" data-block-weight=\"17\" data-block-id=\"5\">\n<p class=\"content-text__container \" data-track-category=\"Link no Texto\" data-track-links=\"\">A elei\u00e7\u00e3o em Vit\u00f3ria da Conquista teve 18,87% de absten\u00e7\u00e3o, 2,18% votos brancos e 6,33% votos nulos.<\/p>\n<\/div>\n<div class=\"mc-column content-text active-extra-styles \" data-block-type=\"unstyled\" data-block-weight=\"40\" data-block-id=\"6\">\n<p class=\"content-text__container \" data-track-category=\"Link no Texto\" data-track-links=\"\">Z\u00e9 Raimundo tem 70 anos, \u00e9 casado, tem superior completo e declara ao TSE a ocupa\u00e7\u00e3o de professor de ensino superior. Ele tem um patrim\u00f4nio declarado de R$ 2.254.145,38. A vice \u00e9 Luciana Oliveira, do PT, que tem 39 anos.<\/p>\n<\/div>\n<div class=\"mc-column content-text active-extra-styles \" data-block-type=\"unstyled\" data-block-weight=\"37\" data-block-id=\"7\">\n<p class=\"content-text__container \" data-track-category=\"Link no Texto\" data-track-links=\"\">Herzem Gusm\u00e3o tem 72 anos, \u00e9 casado, tem superior completo e declara ao TSE a ocupa\u00e7\u00e3o de prefeito. Ele tem um patrim\u00f4nio declarado de R$ 153.661,10. A vice \u00e9 Sheila Lemos, do DEM, que tem 48 anos.<\/p>\n<\/div>\n<div class=\"mc-column content-media content-video\" data-block-type=\"backstage-video\" data-block-id=\"8\">\n<div class=\"content-media__container\">\n<div class=\"content-video__bigger-player-description-fixer\">\n<article class=\"content-video\">\n<section class=\"content-video__video-container\">\n<div class=\"content-video__video\">\n<div id=\"wp3-player-2\" class=\"clappr-player\" tabindex=\"9999\" data-player=\"\">\n<div class=\"media-control media-control-hide\">\n<div class=\"media-control-panel\">\n<div class=\"media-control-panel__between\">Vit\u00f3ria da Conquista ter\u00e1 segundo turno entre os candidatos Jos\u00e9 Raimundo e Herz\u00e9m Gusm\u00e3o<\/div>\n<\/div>\n<\/div>\n<\/div>\n<\/div>\n<\/section>\n<\/article>\n<\/div>\n<p class=\"content-media__description\"><span style=\"font-family: inherit; font-size: inherit; font-style: inherit; font-variant-ligatures: inherit; font-variant-caps: inherit; font-weight: inherit; text-align: center;\">Veja o resultado ap\u00f3s o fim da apura\u00e7\u00e3o:<\/span><\/p>\n<\/div>\n<\/div>\n<div class=\"mc-column content-text active-extra-styles \" data-block-type=\"unstyled\" data-block-weight=\"44\" data-block-id=\"10\">\n<p class=\"content-text__container \" data-track-category=\"Link no Texto\" data-track-links=\"\">Z\u00e9 Raimundo &#8211; PT &#8211; 47,63%<br \/>\nHerzem Gusm\u00e3o &#8211; MDB &#8211; 45,89%<br \/>\nDavid Salom\u00e3o &#8211; PRTB &#8211; 3,12%<br \/>\nRomilson Filho &#8211; PP &#8211; 1,76%<br \/>\nCabo Herling &#8211; PSL &#8211; 0,67%<br \/>\nMaris Stella &#8211; REDE &#8211; 0,57%<br \/>\nProfessor Ferdinand &#8211; PSOL &#8211; 0,37%<\/p>\n<\/div>\n<\/div>\n","protected":false},"excerpt":{"rendered":"<p>Z\u00e9 Raimundo, do PT, e Herzem Gusm\u00e3o, do MDB, v\u00e3o decidir em 2\u00ba turno, no pr\u00f3ximo dia 29, quem ser\u00e1 o pr\u00f3ximo prefeito de Vit\u00f3ria da Conquista, cidade do sudoeste da Bahia. Gusm\u00e3o est\u00e1 em busca da reelei\u00e7\u00e3o. Ao fim da apura\u00e7\u00e3o, segundo dados do TSE (Tribunal Superior Eleitoral), Z\u00e9 Raimundo teve 81.721 votos (47,63% [&hellip;]<\/p>\n","protected":false},"author":2,"featured_media":91320,"comment_status":"open","ping_status":"open","sticky":false,"template":"","format":"standard","meta":{"footnotes":"","_links_to":"","_links_to_target":""},"categories":[1],"tags":[],"class_list":["post-91317","post","type-post","status-publish","format-standard","has-post-thumbnail","hentry","category-geral"],"views":1005,"_links":{"self":[{"href":"https:\/\/www.sudoestehoje.com.br\/novoportal\/wp-json\/wp\/v2\/posts\/91317","targetHints":{"allow":["GET"]}}],"collection":[{"href":"https:\/\/www.sudoestehoje.com.br\/novoportal\/wp-json\/wp\/v2\/posts"}],"about":[{"href":"https:\/\/www.sudoestehoje.com.br\/novoportal\/wp-json\/wp\/v2\/types\/post"}],"author":[{"embeddable":true,"href":"https:\/\/www.sudoestehoje.com.br\/novoportal\/wp-json\/wp\/v2\/users\/2"}],"replies":[{"embeddable":true,"href":"https:\/\/www.sudoestehoje.com.br\/novoportal\/wp-json\/wp\/v2\/comments?post=91317"}],"version-history":[{"count":3,"href":"https:\/\/www.sudoestehoje.com.br\/novoportal\/wp-json\/wp\/v2\/posts\/91317\/revisions"}],"predecessor-version":[{"id":91321,"href":"https:\/\/www.sudoestehoje.com.br\/novoportal\/wp-json\/wp\/v2\/posts\/91317\/revisions\/91321"}],"wp:featuredmedia":[{"embeddable":true,"href":"https:\/\/www.sudoestehoje.com.br\/novoportal\/wp-json\/wp\/v2\/media\/91320"}],"wp:attachment":[{"href":"https:\/\/www.sudoestehoje.com.br\/novoportal\/wp-json\/wp\/v2\/media?parent=91317"}],"wp:term":[{"taxonomy":"category","embeddable":true,"href":"https:\/\/www.sudoestehoje.com.br\/novoportal\/wp-json\/wp\/v2\/categories?post=91317"},{"taxonomy":"post_tag","embeddable":true,"href":"https:\/\/www.sudoestehoje.com.br\/novoportal\/wp-json\/wp\/v2\/tags?post=91317"}],"curies":[{"name":"wp","href":"https:\/\/api.w.org\/{rel}","templated":true}]}}