
{"id":91309,"date":"2020-11-16T21:13:14","date_gmt":"2020-11-17T00:13:14","guid":{"rendered":"https:\/\/www.sudoestehoje.com.br\/novoportal\/?p=91309"},"modified":"2020-11-16T21:14:52","modified_gmt":"2020-11-17T00:14:52","slug":"91309","status":"publish","type":"post","link":"https:\/\/www.sudoestehoje.com.br\/novoportal\/2020\/11\/16\/91309\/","title":{"rendered":"ITAMB\u00c9: CANDINHO E BRUNO LOPES S\u00c3O ELEITOS COM 45% DOS VOTOS V\u00c1LIDOS"},"content":{"rendered":"<div class=\"mc-column content-text active-extra-styles active-capital-letter\" data-block-type=\"unstyled\" data-block-weight=\"31\" data-block-id=\"1\">\n<p data-track-category=\"Link no Texto\" data-track-links=\"\"><a href=\"https:\/\/www.sudoestehoje.com.br\/novoportal\/wp-content\/uploads\/2020\/11\/download.jpg\"><img loading=\"lazy\" decoding=\"async\" class=\"aligncenter wp-image-91310\" src=\"https:\/\/www.sudoestehoje.com.br\/novoportal\/wp-content\/uploads\/2020\/11\/download.jpg\" alt=\"\" width=\"500\" height=\"240\" \/><\/a><\/p>\n<p class=\"content-text__container theme-color-primary-first-letter\" data-track-category=\"Link no Texto\" data-track-links=\"\">Candinho, do PSD, foi eleito, neste domingo (15), prefeito de Itamb\u00e9 (BA) para os pr\u00f3ximos quatro anos. Ao fim da apura\u00e7\u00e3o, Candinho teve 45,03% dos votos. Foram 6.568 votos no total.<\/p>\n<\/div>\n<div class=\"wall protected-content\">\n<div class=\"mc-column content-text active-extra-styles \" data-block-type=\"unstyled\" data-block-weight=\"14\" data-block-id=\"2\">\n<p class=\"content-text__container \" data-track-category=\"Link no Texto\" data-track-links=\"\">O candidato derrotou Cl\u00e9a Malta, que ficou em segundo lugar com 38,00% (5.543 votos), e o atual prefeito Eduardo Gama &#8211; PT &#8211; 11,08%<\/p>\n<\/div>\n<div class=\"mc-column content-text active-extra-styles \" data-block-type=\"unstyled\" data-block-weight=\"15\" data-block-id=\"3\">\n<p class=\"content-text__container \" data-track-category=\"Link no Texto\" data-track-links=\"\">A elei\u00e7\u00e3o em Itamb\u00e9 teve 23,84% de absten\u00e7\u00e3o, 1% votos brancos e 3,6% votos nulos.<\/p>\n<\/div>\n<div class=\"mc-column content-text active-extra-styles \" data-block-type=\"unstyled\" data-block-weight=\"26\" data-block-id=\"4\">\n<p class=\"content-text__container \" data-track-category=\"Link no Texto\" data-track-links=\"\">Candinho tem 62 anos, \u00e9 casado, tem ensino m\u00e9dio completo e declara ao TSE a ocupa\u00e7\u00e3o de pecuarista. Ele tem um patrim\u00f4nio declarado de R$ 7.534.000,00.<\/p>\n<\/div>\n<div class=\"mc-column content-text active-extra-styles \" data-block-type=\"unstyled\" data-block-weight=\"11\" data-block-id=\"5\">\n<p class=\"content-text__container \" data-track-category=\"Link no Texto\" data-track-links=\"\">O vice \u00e9 Bruno Lopes, do PSD, que tem 34 anos, e mostrou a for\u00e7a da tradicional fam\u00edlia Lopes, elegendo sua m\u00e3e Ivana Lopes, com vereadora. Seu pai Humbertinho coordenou a uni\u00e3o com a candidatura de Candinho, que contou com total apoio do deputado federal Ant\u00f4nio Brito (PSD).<\/p>\n<\/div>\n<div class=\"mc-column content-text active-extra-styles \" data-block-type=\"unstyled\" data-block-weight=\"22\" data-block-id=\"6\">\n<p class=\"content-text__container \" data-track-category=\"Link no Texto\" data-track-links=\"\">Os dois fazem parte da coliga\u00e7\u00e3o O Progresso Com Compet\u00eancia e Honestidade, formada pelos partidos REPUBLICANOS, PTB, CIDADANIA, PSDB e PSD.<\/p>\n<\/div>\n<div class=\"mc-column content-text active-extra-styles \" data-block-type=\"unstyled\" data-block-weight=\"35\" data-block-id=\"7\">\n<p class=\"content-text__container \" data-track-category=\"Link no Texto\" data-track-links=\"\">Veja o resultado ap\u00f3s o fim da apura\u00e7\u00e3o:<br \/>\nCandinho &#8211; PSD &#8211; 45,03%<br \/>\nCl\u00e9a Malta &#8211; PL &#8211; 38,00%<br \/>\nEduardo Gama &#8211; PT &#8211; 11,08%<br \/>\nDr Ageu Pimentel &#8211; PDT &#8211; 5,53%<br \/>\nDra Ariana Gusm\u00e3o &#8211; DC &#8211; 0,36%<\/p>\n<\/div>\n<\/div>\n","protected":false},"excerpt":{"rendered":"<p>Candinho, do PSD, foi eleito, neste domingo (15), prefeito de Itamb\u00e9 (BA) para os pr\u00f3ximos quatro anos. Ao fim da apura\u00e7\u00e3o, Candinho teve 45,03% dos votos. Foram 6.568 votos no total. O candidato derrotou Cl\u00e9a Malta, que ficou em segundo lugar com 38,00% (5.543 votos), e o atual prefeito Eduardo Gama &#8211; PT &#8211; 11,08% [&hellip;]<\/p>\n","protected":false},"author":2,"featured_media":91310,"comment_status":"open","ping_status":"open","sticky":false,"template":"","format":"standard","meta":{"footnotes":"","_links_to":"","_links_to_target":""},"categories":[1],"tags":[],"class_list":["post-91309","post","type-post","status-publish","format-standard","has-post-thumbnail","hentry","category-geral"],"views":1180,"_links":{"self":[{"href":"https:\/\/www.sudoestehoje.com.br\/novoportal\/wp-json\/wp\/v2\/posts\/91309","targetHints":{"allow":["GET"]}}],"collection":[{"href":"https:\/\/www.sudoestehoje.com.br\/novoportal\/wp-json\/wp\/v2\/posts"}],"about":[{"href":"https:\/\/www.sudoestehoje.com.br\/novoportal\/wp-json\/wp\/v2\/types\/post"}],"author":[{"embeddable":true,"href":"https:\/\/www.sudoestehoje.com.br\/novoportal\/wp-json\/wp\/v2\/users\/2"}],"replies":[{"embeddable":true,"href":"https:\/\/www.sudoestehoje.com.br\/novoportal\/wp-json\/wp\/v2\/comments?post=91309"}],"version-history":[{"count":2,"href":"https:\/\/www.sudoestehoje.com.br\/novoportal\/wp-json\/wp\/v2\/posts\/91309\/revisions"}],"predecessor-version":[{"id":91312,"href":"https:\/\/www.sudoestehoje.com.br\/novoportal\/wp-json\/wp\/v2\/posts\/91309\/revisions\/91312"}],"wp:featuredmedia":[{"embeddable":true,"href":"https:\/\/www.sudoestehoje.com.br\/novoportal\/wp-json\/wp\/v2\/media\/91310"}],"wp:attachment":[{"href":"https:\/\/www.sudoestehoje.com.br\/novoportal\/wp-json\/wp\/v2\/media?parent=91309"}],"wp:term":[{"taxonomy":"category","embeddable":true,"href":"https:\/\/www.sudoestehoje.com.br\/novoportal\/wp-json\/wp\/v2\/categories?post=91309"},{"taxonomy":"post_tag","embeddable":true,"href":"https:\/\/www.sudoestehoje.com.br\/novoportal\/wp-json\/wp\/v2\/tags?post=91309"}],"curies":[{"name":"wp","href":"https:\/\/api.w.org\/{rel}","templated":true}]}}