
{"id":91272,"date":"2020-11-15T18:26:25","date_gmt":"2020-11-15T21:26:25","guid":{"rendered":"https:\/\/www.sudoestehoje.com.br\/novoportal\/?p=91272"},"modified":"2020-11-17T21:02:11","modified_gmt":"2020-11-18T00:02:11","slug":"eleicoes-rodrigo-hagge-e-reeleito-prefeito-de-itapetinga-com-votacao-esmagadora","status":"publish","type":"post","link":"https:\/\/www.sudoestehoje.com.br\/novoportal\/2020\/11\/15\/eleicoes-rodrigo-hagge-e-reeleito-prefeito-de-itapetinga-com-votacao-esmagadora\/","title":{"rendered":"ELEI\u00c7\u00d5ES: RODRIGO HAGGE \u00c9 REELEITO PREFEITO DE ITAPETINGA COM VOTA\u00c7\u00c3O ESMAGADORA"},"content":{"rendered":"<p><a href=\"https:\/\/www.sudoestehoje.com.br\/novoportal\/wp-content\/uploads\/2020\/11\/rodrigo-e-renan-vit\u00f3ria.jpg\"><img loading=\"lazy\" decoding=\"async\" class=\"aligncenter wp-image-91274\" src=\"https:\/\/www.sudoestehoje.com.br\/novoportal\/wp-content\/uploads\/2020\/11\/rodrigo-e-renan-vit\u00f3ria.jpg\" alt=\"\" width=\"502\" height=\"309\" \/><\/a><\/p>\n<p>Com maioria esmagadora dos votos dos votos v\u00e1lidos, o jovem advogado Rodrigo Hagge, de apenas 32 anos, foi confirmado pelas urnas como prefeito reeleito de Itapetinga, neste domingo de elei\u00e7\u00f5es municipais em todo o Brasil.<\/p>\n<p>Ao lado de Rodrigo, foi tamb\u00e9m reeleito o vice-prefeito Renan Pereira, do Democratas.<\/p>\n<p>A reelei\u00e7\u00e3o da chapa Rodrigo\/Renan j\u00e1 vinha sendo dada como certa em todas as avalia\u00e7\u00f5es, inclusive sendo reconhecida antecipadamente pelos quatro advers\u00e1rio de oposi\u00e7\u00e3o.<\/p>\n<p>AGUARDEM N\u00daMEROS E RELA\u00c7\u00c3O DOS VEREADORES ELEITOS<\/p>\n<p><strong><em>Por Davi Ferraz<\/em><\/strong><\/p>\n","protected":false},"excerpt":{"rendered":"<p>Com maioria esmagadora dos votos dos votos v\u00e1lidos, o jovem advogado Rodrigo Hagge, de apenas 32 anos, foi confirmado pelas urnas como prefeito reeleito de Itapetinga, neste domingo de elei\u00e7\u00f5es municipais em todo o Brasil. Ao lado de Rodrigo, foi tamb\u00e9m reeleito o vice-prefeito Renan Pereira, do Democratas. A reelei\u00e7\u00e3o da chapa Rodrigo\/Renan j\u00e1 vinha [&hellip;]<\/p>\n","protected":false},"author":2,"featured_media":91274,"comment_status":"open","ping_status":"open","sticky":false,"template":"","format":"standard","meta":{"footnotes":"","_links_to":"","_links_to_target":""},"categories":[1],"tags":[],"class_list":["post-91272","post","type-post","status-publish","format-standard","has-post-thumbnail","hentry","category-geral"],"views":3350,"_links":{"self":[{"href":"https:\/\/www.sudoestehoje.com.br\/novoportal\/wp-json\/wp\/v2\/posts\/91272","targetHints":{"allow":["GET"]}}],"collection":[{"href":"https:\/\/www.sudoestehoje.com.br\/novoportal\/wp-json\/wp\/v2\/posts"}],"about":[{"href":"https:\/\/www.sudoestehoje.com.br\/novoportal\/wp-json\/wp\/v2\/types\/post"}],"author":[{"embeddable":true,"href":"https:\/\/www.sudoestehoje.com.br\/novoportal\/wp-json\/wp\/v2\/users\/2"}],"replies":[{"embeddable":true,"href":"https:\/\/www.sudoestehoje.com.br\/novoportal\/wp-json\/wp\/v2\/comments?post=91272"}],"version-history":[{"count":3,"href":"https:\/\/www.sudoestehoje.com.br\/novoportal\/wp-json\/wp\/v2\/posts\/91272\/revisions"}],"predecessor-version":[{"id":91276,"href":"https:\/\/www.sudoestehoje.com.br\/novoportal\/wp-json\/wp\/v2\/posts\/91272\/revisions\/91276"}],"wp:featuredmedia":[{"embeddable":true,"href":"https:\/\/www.sudoestehoje.com.br\/novoportal\/wp-json\/wp\/v2\/media\/91274"}],"wp:attachment":[{"href":"https:\/\/www.sudoestehoje.com.br\/novoportal\/wp-json\/wp\/v2\/media?parent=91272"}],"wp:term":[{"taxonomy":"category","embeddable":true,"href":"https:\/\/www.sudoestehoje.com.br\/novoportal\/wp-json\/wp\/v2\/categories?post=91272"},{"taxonomy":"post_tag","embeddable":true,"href":"https:\/\/www.sudoestehoje.com.br\/novoportal\/wp-json\/wp\/v2\/tags?post=91272"}],"curies":[{"name":"wp","href":"https:\/\/api.w.org\/{rel}","templated":true}]}}