
{"id":91227,"date":"2020-11-13T10:27:09","date_gmt":"2020-11-13T13:27:09","guid":{"rendered":"https:\/\/www.sudoestehoje.com.br\/novoportal\/?p=91227"},"modified":"2020-11-13T10:27:09","modified_gmt":"2020-11-13T13:27:09","slug":"ibge-bahia-tem-o-maior-numero-de-pessoas-em-extrema-pobreza-no-brasil","status":"publish","type":"post","link":"https:\/\/www.sudoestehoje.com.br\/novoportal\/2020\/11\/13\/ibge-bahia-tem-o-maior-numero-de-pessoas-em-extrema-pobreza-no-brasil\/","title":{"rendered":"IBGE: BAHIA TEM O MAIOR N\u00daMERO DE PESSOAS EM EXTREMA POBREZA NO BRASIL"},"content":{"rendered":"<p><a href=\"https:\/\/www.sudoestehoje.com.br\/novoportal\/wp-content\/uploads\/2020\/11\/POBREZA.png\"><img loading=\"lazy\" decoding=\"async\" class=\"aligncenter size-medium wp-image-91228\" src=\"https:\/\/www.sudoestehoje.com.br\/novoportal\/wp-content\/uploads\/2020\/11\/POBREZA-500x336.png\" alt=\"\" width=\"500\" height=\"336\" srcset=\"https:\/\/www.sudoestehoje.com.br\/novoportal\/wp-content\/uploads\/2020\/11\/POBREZA-500x336.png 500w, https:\/\/www.sudoestehoje.com.br\/novoportal\/wp-content\/uploads\/2020\/11\/POBREZA.png 680w\" sizes=\"auto, (max-width: 500px) 100vw, 500px\" \/><\/a><\/p>\n<p>Na Bahia, em 2019, 4 em cada 10 moradores (40,4% da popula\u00e7\u00e3o) estavam abaixo da linha da pobreza monet\u00e1ria e pouco mais de 1 em cada 10 (12,5%) estava abaixo da linha de extrema pobreza, segundo o Instituto Brasileiro de Geografia e Estat\u00edstica (IBGE).<\/p>\n<p>Este valor \u00e9 o maior registrado em todo Brasil, dando ao estado o segundo maior n\u00famero absoluto de pobres (6,006 milh\u00f5es de pessoas) e o maior de extremamente pobres do pa\u00eds (1,853 milh\u00e3o).<\/p>\n<p>Al\u00e9m de terem de sobreviver com um rendimento domiciliar per capita muito baixo, quem vive abaixo da linha de pobreza est\u00e1 muito mais sujeito que a popula\u00e7\u00e3o em geral a enfrentar restri\u00e7\u00f5es importantes, sobretudo no que diz respeito aos servi\u00e7os de saneamento b\u00e1sico, \u00e0 educa\u00e7\u00e3o e ao acesso \u00e0 Internet.<\/p>\n","protected":false},"excerpt":{"rendered":"<p>Na Bahia, em 2019, 4 em cada 10 moradores (40,4% da popula\u00e7\u00e3o) estavam abaixo da linha da pobreza monet\u00e1ria e pouco mais de 1 em cada 10 (12,5%) estava abaixo da linha de extrema pobreza, segundo o Instituto Brasileiro de Geografia e Estat\u00edstica (IBGE). Este valor \u00e9 o maior registrado em todo Brasil, dando ao [&hellip;]<\/p>\n","protected":false},"author":2,"featured_media":91228,"comment_status":"open","ping_status":"open","sticky":false,"template":"","format":"standard","meta":{"footnotes":"","_links_to":"","_links_to_target":""},"categories":[1],"tags":[],"class_list":["post-91227","post","type-post","status-publish","format-standard","has-post-thumbnail","hentry","category-geral"],"views":1147,"_links":{"self":[{"href":"https:\/\/www.sudoestehoje.com.br\/novoportal\/wp-json\/wp\/v2\/posts\/91227","targetHints":{"allow":["GET"]}}],"collection":[{"href":"https:\/\/www.sudoestehoje.com.br\/novoportal\/wp-json\/wp\/v2\/posts"}],"about":[{"href":"https:\/\/www.sudoestehoje.com.br\/novoportal\/wp-json\/wp\/v2\/types\/post"}],"author":[{"embeddable":true,"href":"https:\/\/www.sudoestehoje.com.br\/novoportal\/wp-json\/wp\/v2\/users\/2"}],"replies":[{"embeddable":true,"href":"https:\/\/www.sudoestehoje.com.br\/novoportal\/wp-json\/wp\/v2\/comments?post=91227"}],"version-history":[{"count":1,"href":"https:\/\/www.sudoestehoje.com.br\/novoportal\/wp-json\/wp\/v2\/posts\/91227\/revisions"}],"predecessor-version":[{"id":91229,"href":"https:\/\/www.sudoestehoje.com.br\/novoportal\/wp-json\/wp\/v2\/posts\/91227\/revisions\/91229"}],"wp:featuredmedia":[{"embeddable":true,"href":"https:\/\/www.sudoestehoje.com.br\/novoportal\/wp-json\/wp\/v2\/media\/91228"}],"wp:attachment":[{"href":"https:\/\/www.sudoestehoje.com.br\/novoportal\/wp-json\/wp\/v2\/media?parent=91227"}],"wp:term":[{"taxonomy":"category","embeddable":true,"href":"https:\/\/www.sudoestehoje.com.br\/novoportal\/wp-json\/wp\/v2\/categories?post=91227"},{"taxonomy":"post_tag","embeddable":true,"href":"https:\/\/www.sudoestehoje.com.br\/novoportal\/wp-json\/wp\/v2\/tags?post=91227"}],"curies":[{"name":"wp","href":"https:\/\/api.w.org\/{rel}","templated":true}]}}