
{"id":91192,"date":"2020-11-10T16:41:34","date_gmt":"2020-11-10T19:41:34","guid":{"rendered":"https:\/\/www.sudoestehoje.com.br\/novoportal\/?p=91192"},"modified":"2020-11-10T16:41:34","modified_gmt":"2020-11-10T19:41:34","slug":"itapetinga-vereador-tarugao-realiza-evento-nesta-terca-na-pracinha-do-povalente","status":"publish","type":"post","link":"https:\/\/www.sudoestehoje.com.br\/novoportal\/2020\/11\/10\/itapetinga-vereador-tarugao-realiza-evento-nesta-terca-na-pracinha-do-povalente\/","title":{"rendered":"ITAPETINGA: VEREADOR TARUG\u00c3O REALIZA EVENTO NESTA TER\u00c7A NA PRACINHA DO POVALENTE"},"content":{"rendered":"<p><a href=\"https:\/\/www.sudoestehoje.com.br\/novoportal\/wp-content\/uploads\/2020\/11\/TARUGAO-EVENTO.jpeg\"><img loading=\"lazy\" decoding=\"async\" class=\"aligncenter size-medium wp-image-91194\" src=\"https:\/\/www.sudoestehoje.com.br\/novoportal\/wp-content\/uploads\/2020\/11\/TARUGAO-EVENTO-500x500.jpeg\" alt=\"\" width=\"500\" height=\"500\" srcset=\"https:\/\/www.sudoestehoje.com.br\/novoportal\/wp-content\/uploads\/2020\/11\/TARUGAO-EVENTO-500x500.jpeg 500w, https:\/\/www.sudoestehoje.com.br\/novoportal\/wp-content\/uploads\/2020\/11\/TARUGAO-EVENTO-700x700.jpeg 700w, https:\/\/www.sudoestehoje.com.br\/novoportal\/wp-content\/uploads\/2020\/11\/TARUGAO-EVENTO-150x150.jpeg 150w, https:\/\/www.sudoestehoje.com.br\/novoportal\/wp-content\/uploads\/2020\/11\/TARUGAO-EVENTO-768x768.jpeg 768w, https:\/\/www.sudoestehoje.com.br\/novoportal\/wp-content\/uploads\/2020\/11\/TARUGAO-EVENTO.jpeg 1080w\" sizes=\"auto, (max-width: 500px) 100vw, 500px\" \/><\/a><\/p>\n<p>Chegou a hora do esperado evento\u00a0<a href=\"https:\/\/nacampanhacomtarugao.com.br\/tarugao-centro-e-no-jose-ivo\/\">do\u00a0<\/a>vereador<strong> Tarug\u00e3o<\/strong>, no bairro da Nova Itapetinga. O evento ser\u00e1 realizado nesta\u00a0<strong>ter\u00e7a-feira (10), a partir das 19hs<\/strong>\u00a0na pra\u00e7a frente ao col\u00e9gio Polivalente.<\/p>\n<p>O vereador contar\u00e1 com as presen\u00e7a do prefeito e vice de Itapetinga <strong>Rodrigo Hagge e Renan Pereira<\/strong>. L\u00e1 estar\u00e3o presentes a comitiva do prefeito e candidatos da chapa da vit\u00f3ria, que j\u00e1 acenaram a participa\u00e7\u00e3o no evento de\u00a0<strong>Tarug\u00e3o<\/strong>.<\/p>\n","protected":false},"excerpt":{"rendered":"<p>Chegou a hora do esperado evento\u00a0do\u00a0vereador Tarug\u00e3o, no bairro da Nova Itapetinga. O evento ser\u00e1 realizado nesta\u00a0ter\u00e7a-feira (10), a partir das 19hs\u00a0na pra\u00e7a frente ao col\u00e9gio Polivalente. O vereador contar\u00e1 com as presen\u00e7a do prefeito e vice de Itapetinga Rodrigo Hagge e Renan Pereira. L\u00e1 estar\u00e3o presentes a comitiva do prefeito e candidatos da chapa [&hellip;]<\/p>\n","protected":false},"author":2,"featured_media":91194,"comment_status":"open","ping_status":"open","sticky":false,"template":"","format":"standard","meta":{"footnotes":"","_links_to":"","_links_to_target":""},"categories":[1],"tags":[],"class_list":["post-91192","post","type-post","status-publish","format-standard","has-post-thumbnail","hentry","category-geral"],"views":805,"_links":{"self":[{"href":"https:\/\/www.sudoestehoje.com.br\/novoportal\/wp-json\/wp\/v2\/posts\/91192","targetHints":{"allow":["GET"]}}],"collection":[{"href":"https:\/\/www.sudoestehoje.com.br\/novoportal\/wp-json\/wp\/v2\/posts"}],"about":[{"href":"https:\/\/www.sudoestehoje.com.br\/novoportal\/wp-json\/wp\/v2\/types\/post"}],"author":[{"embeddable":true,"href":"https:\/\/www.sudoestehoje.com.br\/novoportal\/wp-json\/wp\/v2\/users\/2"}],"replies":[{"embeddable":true,"href":"https:\/\/www.sudoestehoje.com.br\/novoportal\/wp-json\/wp\/v2\/comments?post=91192"}],"version-history":[{"count":2,"href":"https:\/\/www.sudoestehoje.com.br\/novoportal\/wp-json\/wp\/v2\/posts\/91192\/revisions"}],"predecessor-version":[{"id":91195,"href":"https:\/\/www.sudoestehoje.com.br\/novoportal\/wp-json\/wp\/v2\/posts\/91192\/revisions\/91195"}],"wp:featuredmedia":[{"embeddable":true,"href":"https:\/\/www.sudoestehoje.com.br\/novoportal\/wp-json\/wp\/v2\/media\/91194"}],"wp:attachment":[{"href":"https:\/\/www.sudoestehoje.com.br\/novoportal\/wp-json\/wp\/v2\/media?parent=91192"}],"wp:term":[{"taxonomy":"category","embeddable":true,"href":"https:\/\/www.sudoestehoje.com.br\/novoportal\/wp-json\/wp\/v2\/categories?post=91192"},{"taxonomy":"post_tag","embeddable":true,"href":"https:\/\/www.sudoestehoje.com.br\/novoportal\/wp-json\/wp\/v2\/tags?post=91192"}],"curies":[{"name":"wp","href":"https:\/\/api.w.org\/{rel}","templated":true}]}}